{"id":862,"date":"2003-10-08T02:00:00","date_gmt":"2003-10-08T00:00:00","guid":{"rendered":"http:\/\/www.musicadeon.com\/index.php\/2003\/10\/08\/sortie-a-franc-waret\/"},"modified":"2003-10-08T02:00:00","modified_gmt":"2003-10-08T00:00:00","slug":"sortie-a-franc-waret","status":"publish","type":"post","link":"http:\/\/www.musicadeon.com\/index.php\/2003\/10\/08\/sortie-a-franc-waret\/","title":{"rendered":"sortie \u00e0 franc-waret"},"content":{"rendered":"<p><P><i><b><FONT color=#000066>Le Dimanche 12 octobre en l&rsquo;\u00e9glise de franc-waret d\u00e8s 16h<\/FONT><\/b><\/i><\/P><P><i><b><FONT color=#000066>concert dans le cadre des rencontres musicales de fernelmont<\/FONT><\/b><\/i><\/P><\/p>\n","protected":false},"excerpt":{"rendered":"<p>Le Dimanche 12 octobre en l&rsquo;\u00e9glise de franc-waret d\u00e8s 16hconcert dans le cadre des rencontres musicales de fernelmont<\/p>\n","protected":false},"author":1,"featured_media":0,"comment_status":"closed","ping_status":"open","sticky":false,"template":"","format":"standard","meta":[],"categories":[3],"tags":[5],"_links":{"self":[{"href":"http:\/\/www.musicadeon.com\/index.php\/wp-json\/wp\/v2\/posts\/862"}],"collection":[{"href":"http:\/\/www.musicadeon.com\/index.php\/wp-json\/wp\/v2\/posts"}],"about":[{"href":"http:\/\/www.musicadeon.com\/index.php\/wp-json\/wp\/v2\/types\/post"}],"author":[{"embeddable":true,"href":"http:\/\/www.musicadeon.com\/index.php\/wp-json\/wp\/v2\/users\/1"}],"replies":[{"embeddable":true,"href":"http:\/\/www.musicadeon.com\/index.php\/wp-json\/wp\/v2\/comments?post=862"}],"version-history":[{"count":0,"href":"http:\/\/www.musicadeon.com\/index.php\/wp-json\/wp\/v2\/posts\/862\/revisions"}],"wp:attachment":[{"href":"http:\/\/www.musicadeon.com\/index.php\/wp-json\/wp\/v2\/media?parent=862"}],"wp:term":[{"taxonomy":"category","embeddable":true,"href":"http:\/\/www.musicadeon.com\/index.php\/wp-json\/wp\/v2\/categories?post=862"},{"taxonomy":"post_tag","embeddable":true,"href":"http:\/\/www.musicadeon.com\/index.php\/wp-json\/wp\/v2\/tags?post=862"}],"curies":[{"name":"wp","href":"https:\/\/api.w.org\/{rel}","templated":true}]}}