{"id":94,"date":"2002-02-05T01:00:00","date_gmt":"2002-02-05T00:00:00","guid":{"rendered":"http:\/\/www.musicadeon.com\/index.php\/2002\/02\/05\/a-vos-agendas-23-03-2002-2\/"},"modified":"2002-02-05T01:00:00","modified_gmt":"2002-02-05T00:00:00","slug":"a-vos-agendas-23-03-2002-2","status":"publish","type":"post","link":"http:\/\/www.musicadeon.com\/index.php\/2002\/02\/05\/a-vos-agendas-23-03-2002-2\/","title":{"rendered":"\u00c0 vos agendas (23-03-2002)"},"content":{"rendered":"<p>Le samedi 23\/3 \u00e0 19h,l&rsquo;accord\u00e9oniste Guy Tillieux vous invite en la salle\u00a0\u00bbDu Lyc\u00e9e d&rsquo;\u00e9tat\u00a0\u00bb route de st G\u00e9rard \u00e0 Lesves (5170) Belgique pour un souper dansant Renseignements:(T\u00e9l) 0032(0)71\/79.88.99<\/p>\n","protected":false},"excerpt":{"rendered":"<p>Le samedi 23\/3 \u00e0 19h,l&rsquo;accord\u00e9oniste Guy Tillieux vous invite en la salle\u00a0\u00bbDu Lyc\u00e9e d&rsquo;\u00e9tat\u00a0\u00bb route de st G\u00e9rard \u00e0 Lesves (5170) Belgique pour un souper&#8230;<\/p>\n","protected":false},"author":1,"featured_media":0,"comment_status":"closed","ping_status":"open","sticky":false,"template":"","format":"standard","meta":[],"categories":[1],"tags":[],"_links":{"self":[{"href":"http:\/\/www.musicadeon.com\/index.php\/wp-json\/wp\/v2\/posts\/94"}],"collection":[{"href":"http:\/\/www.musicadeon.com\/index.php\/wp-json\/wp\/v2\/posts"}],"about":[{"href":"http:\/\/www.musicadeon.com\/index.php\/wp-json\/wp\/v2\/types\/post"}],"author":[{"embeddable":true,"href":"http:\/\/www.musicadeon.com\/index.php\/wp-json\/wp\/v2\/users\/1"}],"replies":[{"embeddable":true,"href":"http:\/\/www.musicadeon.com\/index.php\/wp-json\/wp\/v2\/comments?post=94"}],"version-history":[{"count":0,"href":"http:\/\/www.musicadeon.com\/index.php\/wp-json\/wp\/v2\/posts\/94\/revisions"}],"wp:attachment":[{"href":"http:\/\/www.musicadeon.com\/index.php\/wp-json\/wp\/v2\/media?parent=94"}],"wp:term":[{"taxonomy":"category","embeddable":true,"href":"http:\/\/www.musicadeon.com\/index.php\/wp-json\/wp\/v2\/categories?post=94"},{"taxonomy":"post_tag","embeddable":true,"href":"http:\/\/www.musicadeon.com\/index.php\/wp-json\/wp\/v2\/tags?post=94"}],"curies":[{"name":"wp","href":"https:\/\/api.w.org\/{rel}","templated":true}]}}