{"id":973,"date":"2003-09-23T02:00:00","date_gmt":"2003-09-23T00:00:00","guid":{"rendered":"http:\/\/www.musicadeon.com\/index.php\/2003\/09\/23\/theatre-cie-aime-courtois-2\/"},"modified":"2003-09-23T02:00:00","modified_gmt":"2003-09-23T00:00:00","slug":"theatre-cie-aime-courtois-2","status":"publish","type":"post","link":"http:\/\/www.musicadeon.com\/index.php\/2003\/09\/23\/theatre-cie-aime-courtois-2\/","title":{"rendered":"Th\u00e9atre Cie Aim\u00e9 Courtois"},"content":{"rendered":"<p><i><\/i><P><b><FONT color=#000066><i><BIG><\/P><P><b><i><FONT color=#993300>Le Mercredi 22 Octobre 2003 \u00e0 14h 30 au Centre Culturel de Marche-en-Famenne.<\/FONT><\/i><\/b><\/P><P><b><i><FONT color=#993300>Venez d\u00e9couvrir et rire dans une adaptation namuroise et une mise en sc\u00e8ne de Henri Rase \u00ab\u00a0A&#8230;a&#8230;atchoum!\u00a0\u00bb et la com\u00e9die <\/FONT><\/i><\/b><\/P><P><b><i><FONT color=#993300>\u00ab\u00a0A vos souhaits\u00a0\u00bb de Pierre Chesnot cordiale invitation \u00e0 tous<\/FONT><\/i><\/b><\/P><\/BIG><\/i><\/FONT><\/b><P><\/P><\/p>\n","protected":false},"excerpt":{"rendered":"<p>Le Mercredi 22 Octobre 2003 \u00e0 14h 30 au Centre Culturel de Marche-en-Famenne.Venez d\u00e9couvrir et rire dans une adaptation namuroise et une mise en sc\u00e8ne&#8230;<\/p>\n","protected":false},"author":1,"featured_media":0,"comment_status":"closed","ping_status":"open","sticky":false,"template":"","format":"standard","meta":[],"categories":[3],"tags":[5],"_links":{"self":[{"href":"http:\/\/www.musicadeon.com\/index.php\/wp-json\/wp\/v2\/posts\/973"}],"collection":[{"href":"http:\/\/www.musicadeon.com\/index.php\/wp-json\/wp\/v2\/posts"}],"about":[{"href":"http:\/\/www.musicadeon.com\/index.php\/wp-json\/wp\/v2\/types\/post"}],"author":[{"embeddable":true,"href":"http:\/\/www.musicadeon.com\/index.php\/wp-json\/wp\/v2\/users\/1"}],"replies":[{"embeddable":true,"href":"http:\/\/www.musicadeon.com\/index.php\/wp-json\/wp\/v2\/comments?post=973"}],"version-history":[{"count":0,"href":"http:\/\/www.musicadeon.com\/index.php\/wp-json\/wp\/v2\/posts\/973\/revisions"}],"wp:attachment":[{"href":"http:\/\/www.musicadeon.com\/index.php\/wp-json\/wp\/v2\/media?parent=973"}],"wp:term":[{"taxonomy":"category","embeddable":true,"href":"http:\/\/www.musicadeon.com\/index.php\/wp-json\/wp\/v2\/categories?post=973"},{"taxonomy":"post_tag","embeddable":true,"href":"http:\/\/www.musicadeon.com\/index.php\/wp-json\/wp\/v2\/tags?post=973"}],"curies":[{"name":"wp","href":"https:\/\/api.w.org\/{rel}","templated":true}]}}