{"id":981,"date":"2003-09-25T02:00:00","date_gmt":"2003-09-25T00:00:00","guid":{"rendered":"http:\/\/www.musicadeon.com\/index.php\/2003\/09\/25\/rencontres-musicales\/"},"modified":"2003-09-25T02:00:00","modified_gmt":"2003-09-25T00:00:00","slug":"rencontres-musicales","status":"publish","type":"post","link":"http:\/\/www.musicadeon.com\/index.php\/2003\/09\/25\/rencontres-musicales\/","title":{"rendered":"Rencontres Musicales"},"content":{"rendered":"<p><P><b><i>le Dimanche 28 septembre \u00e0 Franc-Waret \u00e0 16h dans le cadre du 23 \u00e8me Festival des Rencontres Musicales de Fernelmont<\/i><\/b><\/P><P><b><i>concert par l&rsquo;Ensemble Quartz <\/i><\/b><\/P><\/p>\n","protected":false},"excerpt":{"rendered":"<p>le Dimanche 28 septembre \u00e0 Franc-Waret \u00e0 16h dans le cadre du 23 \u00e8me Festival des Rencontres Musicales de Fernelmontconcert par l&rsquo;Ensemble Quartz<\/p>\n","protected":false},"author":1,"featured_media":0,"comment_status":"closed","ping_status":"open","sticky":false,"template":"","format":"standard","meta":[],"categories":[3],"tags":[5],"_links":{"self":[{"href":"http:\/\/www.musicadeon.com\/index.php\/wp-json\/wp\/v2\/posts\/981"}],"collection":[{"href":"http:\/\/www.musicadeon.com\/index.php\/wp-json\/wp\/v2\/posts"}],"about":[{"href":"http:\/\/www.musicadeon.com\/index.php\/wp-json\/wp\/v2\/types\/post"}],"author":[{"embeddable":true,"href":"http:\/\/www.musicadeon.com\/index.php\/wp-json\/wp\/v2\/users\/1"}],"replies":[{"embeddable":true,"href":"http:\/\/www.musicadeon.com\/index.php\/wp-json\/wp\/v2\/comments?post=981"}],"version-history":[{"count":0,"href":"http:\/\/www.musicadeon.com\/index.php\/wp-json\/wp\/v2\/posts\/981\/revisions"}],"wp:attachment":[{"href":"http:\/\/www.musicadeon.com\/index.php\/wp-json\/wp\/v2\/media?parent=981"}],"wp:term":[{"taxonomy":"category","embeddable":true,"href":"http:\/\/www.musicadeon.com\/index.php\/wp-json\/wp\/v2\/categories?post=981"},{"taxonomy":"post_tag","embeddable":true,"href":"http:\/\/www.musicadeon.com\/index.php\/wp-json\/wp\/v2\/tags?post=981"}],"curies":[{"name":"wp","href":"https:\/\/api.w.org\/{rel}","templated":true}]}}