{"id":1055,"date":"2003-11-05T01:00:00","date_gmt":"2003-11-05T00:00:00","guid":{"rendered":"http:\/\/www.musicadeon.com\/index.php\/2003\/11\/05\/noel-a-namur-belgique\/"},"modified":"2003-11-05T01:00:00","modified_gmt":"2003-11-05T00:00:00","slug":"noel-a-namur-belgique","status":"publish","type":"post","link":"https:\/\/www.musicadeon.com\/index.php\/2003\/11\/05\/noel-a-namur-belgique\/","title":{"rendered":"No\u00ebl \u00e0 Namur (Belgique)"},"content":{"rendered":"<p><b><BLOCKQUOTE><b>le Mercredi 17 &amp; le Jeudi 18 D\u00e9cembre \u00e0 Namur d\u00e8s 20h30 concert par le choeur de chambre de Namur<\/b><\/BLOCKQUOTE><\/b><\/p>\n","protected":false},"excerpt":{"rendered":"<p>le Mercredi 17 &amp; le Jeudi 18 D\u00e9cembre \u00e0 Namur d\u00e8s 20h30 concert par le choeur de chambre de Namur<\/p>\n","protected":false},"author":1,"featured_media":0,"comment_status":"closed","ping_status":"open","sticky":false,"template":"","format":"standard","meta":[],"categories":[3],"tags":[5],"_links":{"self":[{"href":"https:\/\/www.musicadeon.com\/index.php\/wp-json\/wp\/v2\/posts\/1055"}],"collection":[{"href":"https:\/\/www.musicadeon.com\/index.php\/wp-json\/wp\/v2\/posts"}],"about":[{"href":"https:\/\/www.musicadeon.com\/index.php\/wp-json\/wp\/v2\/types\/post"}],"author":[{"embeddable":true,"href":"https:\/\/www.musicadeon.com\/index.php\/wp-json\/wp\/v2\/users\/1"}],"replies":[{"embeddable":true,"href":"https:\/\/www.musicadeon.com\/index.php\/wp-json\/wp\/v2\/comments?post=1055"}],"version-history":[{"count":0,"href":"https:\/\/www.musicadeon.com\/index.php\/wp-json\/wp\/v2\/posts\/1055\/revisions"}],"wp:attachment":[{"href":"https:\/\/www.musicadeon.com\/index.php\/wp-json\/wp\/v2\/media?parent=1055"}],"wp:term":[{"taxonomy":"category","embeddable":true,"href":"https:\/\/www.musicadeon.com\/index.php\/wp-json\/wp\/v2\/categories?post=1055"},{"taxonomy":"post_tag","embeddable":true,"href":"https:\/\/www.musicadeon.com\/index.php\/wp-json\/wp\/v2\/tags?post=1055"}],"curies":[{"name":"wp","href":"https:\/\/api.w.org\/{rel}","templated":true}]}}