{"id":1057,"date":"2003-11-05T01:00:00","date_gmt":"2003-11-05T00:00:00","guid":{"rendered":"http:\/\/www.musicadeon.com\/index.php\/2003\/11\/05\/concert-de-noel-a-sart-davril-belgique\/"},"modified":"2003-11-05T01:00:00","modified_gmt":"2003-11-05T00:00:00","slug":"concert-de-noel-a-sart-davril-belgique","status":"publish","type":"post","link":"https:\/\/www.musicadeon.com\/index.php\/2003\/11\/05\/concert-de-noel-a-sart-davril-belgique\/","title":{"rendered":"Concert de No\u00ebl \u00e0 Sart d&rsquo;Avril ( Belgique )"},"content":{"rendered":"<p><b><FONT color=#000066 size=4>le Vendredi 19 D\u00e9cembre \u00e0 Sart D&rsquo;avril d\u00e8s 19H30 Concert de No\u00ebl par la Fanfare de Fernelmont<\/FONT><\/b><\/p>\n","protected":false},"excerpt":{"rendered":"<p>le Vendredi 19 D\u00e9cembre \u00e0 Sart D&rsquo;avril d\u00e8s 19H30 Concert de No\u00ebl par la Fanfare de Fernelmont<\/p>\n","protected":false},"author":1,"featured_media":0,"comment_status":"closed","ping_status":"open","sticky":false,"template":"","format":"standard","meta":[],"categories":[3],"tags":[5],"_links":{"self":[{"href":"https:\/\/www.musicadeon.com\/index.php\/wp-json\/wp\/v2\/posts\/1057"}],"collection":[{"href":"https:\/\/www.musicadeon.com\/index.php\/wp-json\/wp\/v2\/posts"}],"about":[{"href":"https:\/\/www.musicadeon.com\/index.php\/wp-json\/wp\/v2\/types\/post"}],"author":[{"embeddable":true,"href":"https:\/\/www.musicadeon.com\/index.php\/wp-json\/wp\/v2\/users\/1"}],"replies":[{"embeddable":true,"href":"https:\/\/www.musicadeon.com\/index.php\/wp-json\/wp\/v2\/comments?post=1057"}],"version-history":[{"count":0,"href":"https:\/\/www.musicadeon.com\/index.php\/wp-json\/wp\/v2\/posts\/1057\/revisions"}],"wp:attachment":[{"href":"https:\/\/www.musicadeon.com\/index.php\/wp-json\/wp\/v2\/media?parent=1057"}],"wp:term":[{"taxonomy":"category","embeddable":true,"href":"https:\/\/www.musicadeon.com\/index.php\/wp-json\/wp\/v2\/categories?post=1057"},{"taxonomy":"post_tag","embeddable":true,"href":"https:\/\/www.musicadeon.com\/index.php\/wp-json\/wp\/v2\/tags?post=1057"}],"curies":[{"name":"wp","href":"https:\/\/api.w.org\/{rel}","templated":true}]}}