{"id":1059,"date":"2003-11-05T01:00:00","date_gmt":"2003-11-05T00:00:00","guid":{"rendered":"http:\/\/www.musicadeon.com\/index.php\/2003\/11\/05\/concert-a-bonneville-belgique\/"},"modified":"2003-11-05T01:00:00","modified_gmt":"2003-11-05T00:00:00","slug":"concert-a-bonneville-belgique","status":"publish","type":"post","link":"https:\/\/www.musicadeon.com\/index.php\/2003\/11\/05\/concert-a-bonneville-belgique\/","title":{"rendered":"Concert \u00e0 Bonneville ( Belgique )"},"content":{"rendered":"<p><P><b><FONT size=4>le Dimanche 21 D\u00e9cembre \u00e0 Bonnevilled\u00e8s 16H concert avec<\/FONT><\/b><\/P><P><b><FONT size=4>la Fanfare Royale Samson-Brumagne et chants avec les Chorales de Bonneville en l&rsquo;\u00e9glise paroissiale<\/FONT><\/b><\/P><\/p>\n","protected":false},"excerpt":{"rendered":"<p>le Dimanche 21 D\u00e9cembre \u00e0 Bonnevilled\u00e8s 16H concert avecla Fanfare Royale Samson-Brumagne et chants avec les Chorales de Bonneville en l&rsquo;\u00e9glise paroissiale<\/p>\n","protected":false},"author":1,"featured_media":0,"comment_status":"closed","ping_status":"open","sticky":false,"template":"","format":"standard","meta":[],"categories":[3],"tags":[5],"_links":{"self":[{"href":"https:\/\/www.musicadeon.com\/index.php\/wp-json\/wp\/v2\/posts\/1059"}],"collection":[{"href":"https:\/\/www.musicadeon.com\/index.php\/wp-json\/wp\/v2\/posts"}],"about":[{"href":"https:\/\/www.musicadeon.com\/index.php\/wp-json\/wp\/v2\/types\/post"}],"author":[{"embeddable":true,"href":"https:\/\/www.musicadeon.com\/index.php\/wp-json\/wp\/v2\/users\/1"}],"replies":[{"embeddable":true,"href":"https:\/\/www.musicadeon.com\/index.php\/wp-json\/wp\/v2\/comments?post=1059"}],"version-history":[{"count":0,"href":"https:\/\/www.musicadeon.com\/index.php\/wp-json\/wp\/v2\/posts\/1059\/revisions"}],"wp:attachment":[{"href":"https:\/\/www.musicadeon.com\/index.php\/wp-json\/wp\/v2\/media?parent=1059"}],"wp:term":[{"taxonomy":"category","embeddable":true,"href":"https:\/\/www.musicadeon.com\/index.php\/wp-json\/wp\/v2\/categories?post=1059"},{"taxonomy":"post_tag","embeddable":true,"href":"https:\/\/www.musicadeon.com\/index.php\/wp-json\/wp\/v2\/tags?post=1059"}],"curies":[{"name":"wp","href":"https:\/\/api.w.org\/{rel}","templated":true}]}}