{"id":1070,"date":"2003-11-11T01:00:00","date_gmt":"2003-11-11T00:00:00","guid":{"rendered":"http:\/\/www.musicadeon.com\/index.php\/2003\/11\/11\/concert-a-faux-les-tombes-belgique\/"},"modified":"2003-11-11T01:00:00","modified_gmt":"2003-11-11T00:00:00","slug":"concert-a-faux-les-tombes-belgique","status":"publish","type":"post","link":"https:\/\/www.musicadeon.com\/index.php\/2003\/11\/11\/concert-a-faux-les-tombes-belgique\/","title":{"rendered":"Concert \u00e0 Faux-les-Tombes (Belgique)"},"content":{"rendered":"<p><P><b>le Dimanche 28 D\u00e9cembre \u00e0 Faux-les-Tombes d\u00e8s 15H Concert de nouvel an par la Fanfare Royale de l&rsquo;union de <\/b><\/P><P><b>Faux-les-Tombes un spectacle musical pr\u00e9sent\u00e9 par deux formations de plus de 35 musiciens<\/b><\/P><\/p>\n","protected":false},"excerpt":{"rendered":"<p>le Dimanche 28 D\u00e9cembre \u00e0 Faux-les-Tombes d\u00e8s 15H Concert de nouvel an par la Fanfare Royale de l&rsquo;union de Faux-les-Tombes un spectacle musical pr\u00e9sent\u00e9 par&#8230;<\/p>\n","protected":false},"author":1,"featured_media":0,"comment_status":"closed","ping_status":"open","sticky":false,"template":"","format":"standard","meta":[],"categories":[3],"tags":[5],"_links":{"self":[{"href":"https:\/\/www.musicadeon.com\/index.php\/wp-json\/wp\/v2\/posts\/1070"}],"collection":[{"href":"https:\/\/www.musicadeon.com\/index.php\/wp-json\/wp\/v2\/posts"}],"about":[{"href":"https:\/\/www.musicadeon.com\/index.php\/wp-json\/wp\/v2\/types\/post"}],"author":[{"embeddable":true,"href":"https:\/\/www.musicadeon.com\/index.php\/wp-json\/wp\/v2\/users\/1"}],"replies":[{"embeddable":true,"href":"https:\/\/www.musicadeon.com\/index.php\/wp-json\/wp\/v2\/comments?post=1070"}],"version-history":[{"count":0,"href":"https:\/\/www.musicadeon.com\/index.php\/wp-json\/wp\/v2\/posts\/1070\/revisions"}],"wp:attachment":[{"href":"https:\/\/www.musicadeon.com\/index.php\/wp-json\/wp\/v2\/media?parent=1070"}],"wp:term":[{"taxonomy":"category","embeddable":true,"href":"https:\/\/www.musicadeon.com\/index.php\/wp-json\/wp\/v2\/categories?post=1070"},{"taxonomy":"post_tag","embeddable":true,"href":"https:\/\/www.musicadeon.com\/index.php\/wp-json\/wp\/v2\/tags?post=1070"}],"curies":[{"name":"wp","href":"https:\/\/api.w.org\/{rel}","templated":true}]}}