{"id":1127,"date":"2003-12-23T01:00:00","date_gmt":"2003-12-23T00:00:00","guid":{"rendered":"http:\/\/www.musicadeon.com\/index.php\/2003\/12\/23\/a-vos-agendas-31-08-2004\/"},"modified":"2003-12-23T01:00:00","modified_gmt":"2003-12-23T00:00:00","slug":"a-vos-agendas-31-08-2004","status":"publish","type":"post","link":"https:\/\/www.musicadeon.com\/index.php\/2003\/12\/23\/a-vos-agendas-31-08-2004\/","title":{"rendered":"\u00c0 vos agendas (31-08-2004)"},"content":{"rendered":"<p>L&rsquo;accord\u00e9oniste FRANCIS JACQUES vous invite tous les Dimanche \u00e0 partir de 15h \u00e0 la salle \u00ab\u00a0Aux Echos du Ton\u00a0\u00bb \u00e0 ETHE (Belgique)pour une apr\u00e8s-midi dansante <\/p>\n","protected":false},"excerpt":{"rendered":"<p>L&rsquo;accord\u00e9oniste FRANCIS JACQUES vous invite tous les Dimanche \u00e0 partir de 15h \u00e0 la salle \u00ab\u00a0Aux Echos du Ton\u00a0\u00bb \u00e0 ETHE (Belgique)pour une apr\u00e8s-midi dansante<\/p>\n","protected":false},"author":1,"featured_media":0,"comment_status":"closed","ping_status":"open","sticky":false,"template":"","format":"standard","meta":[],"categories":[1],"tags":[],"_links":{"self":[{"href":"https:\/\/www.musicadeon.com\/index.php\/wp-json\/wp\/v2\/posts\/1127"}],"collection":[{"href":"https:\/\/www.musicadeon.com\/index.php\/wp-json\/wp\/v2\/posts"}],"about":[{"href":"https:\/\/www.musicadeon.com\/index.php\/wp-json\/wp\/v2\/types\/post"}],"author":[{"embeddable":true,"href":"https:\/\/www.musicadeon.com\/index.php\/wp-json\/wp\/v2\/users\/1"}],"replies":[{"embeddable":true,"href":"https:\/\/www.musicadeon.com\/index.php\/wp-json\/wp\/v2\/comments?post=1127"}],"version-history":[{"count":0,"href":"https:\/\/www.musicadeon.com\/index.php\/wp-json\/wp\/v2\/posts\/1127\/revisions"}],"wp:attachment":[{"href":"https:\/\/www.musicadeon.com\/index.php\/wp-json\/wp\/v2\/media?parent=1127"}],"wp:term":[{"taxonomy":"category","embeddable":true,"href":"https:\/\/www.musicadeon.com\/index.php\/wp-json\/wp\/v2\/categories?post=1127"},{"taxonomy":"post_tag","embeddable":true,"href":"https:\/\/www.musicadeon.com\/index.php\/wp-json\/wp\/v2\/tags?post=1127"}],"curies":[{"name":"wp","href":"https:\/\/api.w.org\/{rel}","templated":true}]}}