{"id":1131,"date":"2003-12-23T01:00:00","date_gmt":"2003-12-23T00:00:00","guid":{"rendered":"http:\/\/www.musicadeon.com\/index.php\/2003\/12\/23\/moise-vous-donne-rendez-vous-a-ses-prochains-concerts-live\/"},"modified":"2003-12-23T01:00:00","modified_gmt":"2003-12-23T00:00:00","slug":"moise-vous-donne-rendez-vous-a-ses-prochains-concerts-live","status":"publish","type":"post","link":"https:\/\/www.musicadeon.com\/index.php\/2003\/12\/23\/moise-vous-donne-rendez-vous-a-ses-prochains-concerts-live\/","title":{"rendered":"Mo\u00efse vous donne rendez-vous \u00e0 ses prochains concerts live"},"content":{"rendered":"<p><DIV><FONT face=Arial color=#000 size=4>Mo\u00efse vous donne rendez-vous \u00e0 ses prochains concerts live. Un spectacle tout en couleur, un r\u00e9pertoire frais et m\u00e9tiss\u00e9, des musiciens talentueux. Que dire de plus?VENEZ Y ASSISTER!!!!<\/FONT><\/DIV><DIV><FONT face=Arial color=#000><\/FONT><\/DIV><DIV><FONT face=Arial color=#000><U><b>JANVIER 2004<\/b><\/U>:<\/FONT><\/DIV><DIV><FONT face=Arial><FONT color=#ff0000 size=5>&#8211; Le 9 janvier 2004 \u00e0 20h<\/FONT><\/FONT><\/DIV><DIV><FONT face=Arial><FONT color=#ff0000><FONT size=4>Au<\/FONT> <FONT size=6>K.F\u00e9e <\/FONT><FONT size=4>Th\u00e9\u00e2tre, Concerts, Expos<\/FONT><\/FONT><\/FONT><\/DIV><DIV><FONT face=Arial><FONT color=#ff0000><FONT size=3>6, Rue des Clercs <\/FONT><FONT size=3>7000 Mons<\/FONT><\/FONT><\/FONT><\/DIV><DIV><FONT face=Arial><FONT size=3><FONT color=#ff0000><U>R\u00e9servation<\/U>: 065\/59.52.20<\/FONT><\/FONT><\/FONT><\/DIV><DIV><FONT face=Arial><FONT color=#ff0000 size=3><A style=\"COLOR:#ff3300\" href=\"mailto:kfee@skynet.be\">kfee@skynet.be<\/A><\/FONT><\/FONT><\/DIV><DIV><FONT face=Arial color=#ff0000><A href=\"http:\/\/www.kfee.be\/\">http:\/\/www.kfee.be\/<\/A><\/FONT><\/DIV><DIV><FONT face=Arial color=#000><\/FONT><\/DIV><DIV><FONT face=Arial color=#000><U>Formation:<\/U><\/FONT><\/DIV><DIV><FONT face=Arial color=#000><\/FONT><\/DIV><DIV><FONT face=Arial color=#000>Basse: Ignace Rizzuto<\/FONT><\/DIV><DIV><FONT face=Arial color=#000>Batterie: Michel Moliterno<\/FONT><\/DIV><DIV><FONT face=Arial color=#000>Guitare: Fran&ccedil;ois Delporte<\/FONT><\/DIV><DIV><FONT face=Arial color=#000>Clavier: Vincent Bruininckx<\/FONT><\/DIV><DIV><FONT face=Arial color=#000>Lead: Mo\u00efse<\/FONT><\/DIV><DIV><FONT face=Arial color=#000><\/FONT><\/DIV><\/p>\n","protected":false},"excerpt":{"rendered":"<p>Mo\u00efse vous donne rendez-vous \u00e0 ses prochains concerts live. Un spectacle tout en couleur, un r\u00e9pertoire frais et m\u00e9tiss\u00e9, des musiciens talentueux. Que dire de&#8230;<\/p>\n","protected":false},"author":1,"featured_media":0,"comment_status":"closed","ping_status":"open","sticky":false,"template":"","format":"standard","meta":[],"categories":[3],"tags":[5],"_links":{"self":[{"href":"https:\/\/www.musicadeon.com\/index.php\/wp-json\/wp\/v2\/posts\/1131"}],"collection":[{"href":"https:\/\/www.musicadeon.com\/index.php\/wp-json\/wp\/v2\/posts"}],"about":[{"href":"https:\/\/www.musicadeon.com\/index.php\/wp-json\/wp\/v2\/types\/post"}],"author":[{"embeddable":true,"href":"https:\/\/www.musicadeon.com\/index.php\/wp-json\/wp\/v2\/users\/1"}],"replies":[{"embeddable":true,"href":"https:\/\/www.musicadeon.com\/index.php\/wp-json\/wp\/v2\/comments?post=1131"}],"version-history":[{"count":0,"href":"https:\/\/www.musicadeon.com\/index.php\/wp-json\/wp\/v2\/posts\/1131\/revisions"}],"wp:attachment":[{"href":"https:\/\/www.musicadeon.com\/index.php\/wp-json\/wp\/v2\/media?parent=1131"}],"wp:term":[{"taxonomy":"category","embeddable":true,"href":"https:\/\/www.musicadeon.com\/index.php\/wp-json\/wp\/v2\/categories?post=1131"},{"taxonomy":"post_tag","embeddable":true,"href":"https:\/\/www.musicadeon.com\/index.php\/wp-json\/wp\/v2\/tags?post=1131"}],"curies":[{"name":"wp","href":"https:\/\/api.w.org\/{rel}","templated":true}]}}