{"id":1177,"date":"2004-01-28T01:00:00","date_gmt":"2004-01-28T00:00:00","guid":{"rendered":"http:\/\/www.musicadeon.com\/index.php\/2004\/01\/28\/concert-a-jambes-2\/"},"modified":"2004-01-28T01:00:00","modified_gmt":"2004-01-28T00:00:00","slug":"concert-a-jambes-2","status":"publish","type":"post","link":"https:\/\/www.musicadeon.com\/index.php\/2004\/01\/28\/concert-a-jambes-2\/","title":{"rendered":"Concert \u00e0 Jambes"},"content":{"rendered":"<p><P><i><b><FONT color=#000099>Ce Samedi 31 Janvier d\u00e8s 20h en L&rsquo;Espace Francis Laloux \u00e0 Jambes concert des Arsouilles singers <\/FONT><\/b><\/i><\/P><P><i><b><FONT color=#000099>par l&rsquo;ensemble instrumental du conservatoire et du Namur Big Band <\/FONT><\/b><\/i><\/P><\/p>\n","protected":false},"excerpt":{"rendered":"<p>Ce Samedi 31 Janvier d\u00e8s 20h en L&rsquo;Espace Francis Laloux \u00e0 Jambes concert des Arsouilles singers par l&rsquo;ensemble instrumental du conservatoire et du Namur Big&#8230;<\/p>\n","protected":false},"author":1,"featured_media":0,"comment_status":"closed","ping_status":"open","sticky":false,"template":"","format":"standard","meta":[],"categories":[3],"tags":[5],"_links":{"self":[{"href":"https:\/\/www.musicadeon.com\/index.php\/wp-json\/wp\/v2\/posts\/1177"}],"collection":[{"href":"https:\/\/www.musicadeon.com\/index.php\/wp-json\/wp\/v2\/posts"}],"about":[{"href":"https:\/\/www.musicadeon.com\/index.php\/wp-json\/wp\/v2\/types\/post"}],"author":[{"embeddable":true,"href":"https:\/\/www.musicadeon.com\/index.php\/wp-json\/wp\/v2\/users\/1"}],"replies":[{"embeddable":true,"href":"https:\/\/www.musicadeon.com\/index.php\/wp-json\/wp\/v2\/comments?post=1177"}],"version-history":[{"count":0,"href":"https:\/\/www.musicadeon.com\/index.php\/wp-json\/wp\/v2\/posts\/1177\/revisions"}],"wp:attachment":[{"href":"https:\/\/www.musicadeon.com\/index.php\/wp-json\/wp\/v2\/media?parent=1177"}],"wp:term":[{"taxonomy":"category","embeddable":true,"href":"https:\/\/www.musicadeon.com\/index.php\/wp-json\/wp\/v2\/categories?post=1177"},{"taxonomy":"post_tag","embeddable":true,"href":"https:\/\/www.musicadeon.com\/index.php\/wp-json\/wp\/v2\/tags?post=1177"}],"curies":[{"name":"wp","href":"https:\/\/api.w.org\/{rel}","templated":true}]}}