{"id":1305,"date":"2004-03-05T01:00:00","date_gmt":"2004-03-05T00:00:00","guid":{"rendered":"http:\/\/www.musicadeon.com\/index.php\/2004\/03\/05\/recital-avec-tatiana-a-salzinnesbelgique\/"},"modified":"2004-03-05T01:00:00","modified_gmt":"2004-03-05T00:00:00","slug":"recital-avec-tatiana-a-salzinnesbelgique","status":"publish","type":"post","link":"https:\/\/www.musicadeon.com\/index.php\/2004\/03\/05\/recital-avec-tatiana-a-salzinnesbelgique\/","title":{"rendered":"R\u00e9cital avec Tatiana \u00e0 Salzinnes\u00a0\u00bbBelgique\u00a0\u00bb"},"content":{"rendered":"<p><b><CITE><b>Le Lundi 8 Mars \u00e0 20h r\u00e9cital avec la pianiste Tatiana Evdokimova \u00e0 Salzinnes \u00e0 Imep rue juppin<\/b> <\/CITE><\/b><\/p>\n","protected":false},"excerpt":{"rendered":"<p>Le Lundi 8 Mars \u00e0 20h r\u00e9cital avec la pianiste Tatiana Evdokimova \u00e0 Salzinnes \u00e0 Imep rue juppin<\/p>\n","protected":false},"author":1,"featured_media":0,"comment_status":"closed","ping_status":"open","sticky":false,"template":"","format":"standard","meta":[],"categories":[3],"tags":[5],"_links":{"self":[{"href":"https:\/\/www.musicadeon.com\/index.php\/wp-json\/wp\/v2\/posts\/1305"}],"collection":[{"href":"https:\/\/www.musicadeon.com\/index.php\/wp-json\/wp\/v2\/posts"}],"about":[{"href":"https:\/\/www.musicadeon.com\/index.php\/wp-json\/wp\/v2\/types\/post"}],"author":[{"embeddable":true,"href":"https:\/\/www.musicadeon.com\/index.php\/wp-json\/wp\/v2\/users\/1"}],"replies":[{"embeddable":true,"href":"https:\/\/www.musicadeon.com\/index.php\/wp-json\/wp\/v2\/comments?post=1305"}],"version-history":[{"count":0,"href":"https:\/\/www.musicadeon.com\/index.php\/wp-json\/wp\/v2\/posts\/1305\/revisions"}],"wp:attachment":[{"href":"https:\/\/www.musicadeon.com\/index.php\/wp-json\/wp\/v2\/media?parent=1305"}],"wp:term":[{"taxonomy":"category","embeddable":true,"href":"https:\/\/www.musicadeon.com\/index.php\/wp-json\/wp\/v2\/categories?post=1305"},{"taxonomy":"post_tag","embeddable":true,"href":"https:\/\/www.musicadeon.com\/index.php\/wp-json\/wp\/v2\/tags?post=1305"}],"curies":[{"name":"wp","href":"https:\/\/api.w.org\/{rel}","templated":true}]}}