{"id":1345,"date":"2004-03-23T01:00:00","date_gmt":"2004-03-23T00:00:00","guid":{"rendered":"http:\/\/www.musicadeon.com\/index.php\/2004\/03\/23\/concert-de-herbert-leonard-a-namur-belgique\/"},"modified":"2004-03-23T01:00:00","modified_gmt":"2004-03-23T00:00:00","slug":"concert-de-herbert-leonard-a-namur-belgique","status":"publish","type":"post","link":"https:\/\/www.musicadeon.com\/index.php\/2004\/03\/23\/concert-de-herbert-leonard-a-namur-belgique\/","title":{"rendered":"Concert de Herbert L\u00e9onard \u00e0 Namur (Belgique)"},"content":{"rendered":"<p><b><SUP><b><FONT size=5>Hebert L\u00e9onard sera en concert le Samedi 27 Mars \u00e0 la Maison de la Culture de Namur avec en premi\u00e8re partie Pino Santoro<\/FONT><\/b><\/SUP><\/b><\/p>\n","protected":false},"excerpt":{"rendered":"<p>Hebert L\u00e9onard sera en concert le Samedi 27 Mars \u00e0 la Maison de la Culture de Namur avec en premi\u00e8re partie Pino Santoro<\/p>\n","protected":false},"author":1,"featured_media":0,"comment_status":"closed","ping_status":"open","sticky":false,"template":"","format":"standard","meta":[],"categories":[3],"tags":[5],"_links":{"self":[{"href":"https:\/\/www.musicadeon.com\/index.php\/wp-json\/wp\/v2\/posts\/1345"}],"collection":[{"href":"https:\/\/www.musicadeon.com\/index.php\/wp-json\/wp\/v2\/posts"}],"about":[{"href":"https:\/\/www.musicadeon.com\/index.php\/wp-json\/wp\/v2\/types\/post"}],"author":[{"embeddable":true,"href":"https:\/\/www.musicadeon.com\/index.php\/wp-json\/wp\/v2\/users\/1"}],"replies":[{"embeddable":true,"href":"https:\/\/www.musicadeon.com\/index.php\/wp-json\/wp\/v2\/comments?post=1345"}],"version-history":[{"count":0,"href":"https:\/\/www.musicadeon.com\/index.php\/wp-json\/wp\/v2\/posts\/1345\/revisions"}],"wp:attachment":[{"href":"https:\/\/www.musicadeon.com\/index.php\/wp-json\/wp\/v2\/media?parent=1345"}],"wp:term":[{"taxonomy":"category","embeddable":true,"href":"https:\/\/www.musicadeon.com\/index.php\/wp-json\/wp\/v2\/categories?post=1345"},{"taxonomy":"post_tag","embeddable":true,"href":"https:\/\/www.musicadeon.com\/index.php\/wp-json\/wp\/v2\/tags?post=1345"}],"curies":[{"name":"wp","href":"https:\/\/api.w.org\/{rel}","templated":true}]}}