{"id":1432,"date":"2004-06-20T02:00:00","date_gmt":"2004-06-20T00:00:00","guid":{"rendered":"http:\/\/www.musicadeon.com\/index.php\/2004\/06\/20\/lestival-a-profondeville-2004-belgique\/"},"modified":"2004-06-20T02:00:00","modified_gmt":"2004-06-20T00:00:00","slug":"lestival-a-profondeville-2004-belgique","status":"publish","type":"post","link":"https:\/\/www.musicadeon.com\/index.php\/2004\/06\/20\/lestival-a-profondeville-2004-belgique\/","title":{"rendered":"L&rsquo;Estival \u00e0 profondeville 2004 (Belgique)"},"content":{"rendered":"<p><P align=left><IMG src=\"\/A\/N\/D\/lestival20040620.jpg\"> <\/P><P align=center><IMG src=\"\/A\/N\/D\/prof120040620.jpg\"> <i><b>Membre du comit\u00e9 de l&rsquo;Estival de Profondeville Jeaninne en forme comme d&rsquo;habitude <\/b><\/i><\/P><P align=center><IMG src=\"\/A\/N\/D\/prof220040620.jpg\"> <i><b>Les responsables de la randonn\u00e9e de moto d&rsquo;avant guerre Arbre a cames de Arbre Mr Lardinois Philippe et son \u00e9pouse d\u00e9guste une bonne bi\u00e8re de la r\u00e9gion \u00e0 votre sant\u00e9<\/b><\/i><\/P><P align=center><IMG src=\"\/A\/N\/D\/prof320040620.jpg\"> <i><b>La bonne odeur du jambon cuit \u00e0 la broche parfum\u00e9 au miel et \u00e0 la bi\u00e8re pr\u00e9par\u00e9 par le traiteur Eric Massaux de Profondeville hum ! quel d\u00e9lice pour les fines bouches <\/b><\/i><\/P><P align=center><IMG src=\"\/A\/N\/D\/prof420040620.jpg\"> <\/P><P align=center><i><b>sur podium la princesse de l&rsquo;accord\u00e9on Erika et son complice Jean-marie Hembersin ont mis le feu \u00e0 l&rsquo;estival \u00e0 Profondeville ce Dimanche 20 Juin 2004<\/b><\/i> <\/P><P align=center><IMG src=\"\/A\/N\/D\/prof520040620.jpg\"> <\/P><P align=center><i><b>les G\u00e9ants T\u00e9t\u00eache et Guillaume<\/b><\/i><\/P><P align=center><IMG src=\"\/A\/N\/D\/prof620040620.jpg\"> <\/P><P align=center><IMG src=\"\/A\/N\/D\/prof720040620.jpg\"> <\/P><P align=center><IMG src=\"\/A\/N\/D\/prof820040620.jpg\"> <\/P><P align=center><i><b>\u00e0 L&rsquo;estival ce 20 juin toutes les musiques \u00e9tait au rendez-vous avec le groupe Rivers Boats Band orchestre Dixieland<\/b><\/i><\/P><P align=center><IMG src=\"\/A\/N\/D\/prof920040620.jpg\"> <\/P><P align=center><IMG src=\"\/A\/N\/D\/prof1020040620.jpg\"> <\/P><P align=center><i><b>Vroom ! Vroom ! ses machines font du bruit Sarol\u00e9a, F.N, BMW, etc&#8230; les anc\u00e8tres se sont d\u00e9placer \u00e0 profondeville<\/b><\/i><\/P><P align=center><IMG src=\"\/A\/N\/D\/prof1120040620.jpg\"> <i><b>Pour l&rsquo;occasion les gilles de Namur se sont mis au pas pour la f\u00eate de la musique \u00e0 Profondeville<\/b><\/i><\/P><P align=center><IMG src=\"\/A\/N\/D\/prof1220040620.jpg\"> <\/P><P align=center><IMG src=\"\/A\/N\/D\/prof1320040620.jpg\"> <\/P><P align=center><i><b>au son des tambours avec Accro-Benji<\/b><\/i><\/P><P align=center><IMG src=\"\/A\/N\/D\/prof1420040620.jpg\"> <\/P><P align=center><IMG src=\"\/A\/N\/D\/prof1520040620.jpg\"> <\/P><P align=center><IMG src=\"\/A\/N\/D\/prof1620040620.jpg\"> <\/P><P align=center><i><b>Ce Dimanche l&rsquo;estival \u00e0 profondeville (Belgique) fut une r\u00e9ussite Artisant, Brocanteur ,Gilles ,Dixieland Rivers Boats Band , Accord\u00e9on, Accro Benji, \u00e0 Profondeville on y reviendra s&rsquo;est promis l&rsquo;accueille y est super sympa et en plus se qu&rsquo;on y mange bien Bravo au organisateurs<\/b><\/i><\/P><\/p>\n","protected":false},"excerpt":{"rendered":"<p>Membre du comit\u00e9 de l&rsquo;Estival de Profondeville Jeaninne en forme comme d&rsquo;habitude Les responsables de la randonn\u00e9e de moto d&rsquo;avant guerre Arbre a cames de&#8230;<\/p>\n","protected":false},"author":1,"featured_media":0,"comment_status":"closed","ping_status":"open","sticky":false,"template":"","format":"standard","meta":[],"categories":[3],"tags":[5],"_links":{"self":[{"href":"https:\/\/www.musicadeon.com\/index.php\/wp-json\/wp\/v2\/posts\/1432"}],"collection":[{"href":"https:\/\/www.musicadeon.com\/index.php\/wp-json\/wp\/v2\/posts"}],"about":[{"href":"https:\/\/www.musicadeon.com\/index.php\/wp-json\/wp\/v2\/types\/post"}],"author":[{"embeddable":true,"href":"https:\/\/www.musicadeon.com\/index.php\/wp-json\/wp\/v2\/users\/1"}],"replies":[{"embeddable":true,"href":"https:\/\/www.musicadeon.com\/index.php\/wp-json\/wp\/v2\/comments?post=1432"}],"version-history":[{"count":0,"href":"https:\/\/www.musicadeon.com\/index.php\/wp-json\/wp\/v2\/posts\/1432\/revisions"}],"wp:attachment":[{"href":"https:\/\/www.musicadeon.com\/index.php\/wp-json\/wp\/v2\/media?parent=1432"}],"wp:term":[{"taxonomy":"category","embeddable":true,"href":"https:\/\/www.musicadeon.com\/index.php\/wp-json\/wp\/v2\/categories?post=1432"},{"taxonomy":"post_tag","embeddable":true,"href":"https:\/\/www.musicadeon.com\/index.php\/wp-json\/wp\/v2\/tags?post=1432"}],"curies":[{"name":"wp","href":"https:\/\/api.w.org\/{rel}","templated":true}]}}