{"id":1986,"date":"2005-06-20T02:00:00","date_gmt":"2005-06-20T00:00:00","guid":{"rendered":"http:\/\/www.musicadeon.com\/index.php\/2005\/06\/20\/annonce-deces-de-monsieur-jean-darlier\/"},"modified":"2005-06-20T02:00:00","modified_gmt":"2005-06-20T00:00:00","slug":"annonce-deces-de-monsieur-jean-darlier","status":"publish","type":"post","link":"https:\/\/www.musicadeon.com\/index.php\/2005\/06\/20\/annonce-deces-de-monsieur-jean-darlier\/","title":{"rendered":"Annonce D\u00e9c\u00e8s de Monsieur Jean DARLIER"},"content":{"rendered":"<p><P style=\"margin:0cm 0cm 0pt;TEXT-ALIGN:center\" align=center><SPAN style=\"FONT-SIZE:14pt;BACKGROUND:silver;COLOR:purple;FONT-FAMILY:'Tango BT';\"><FONT style=\"BACKGROUND-COLOR:#fff\" face=\"Arial, Helvetica, sans-serif\" color=#900 size=5><I><B>Si vous appreniez le d\u00e9c\u00e8s d&rsquo;un artiste,<\/B><\/I><\/FONT><\/SPAN><\/P><P style=\"margin:0cm 0cm 0pt;TEXT-ALIGN:center\" align=center><SPAN style=\"FONT-SIZE:14pt;BACKGROUND:silver;COLOR:purple;FONT-FAMILY:'Tango BT';\"><FONT style=\"BACKGROUND-COLOR:#fff\" face=\"Arial, Helvetica, sans-serif\" color=#900 size=5><I><B>vous pouvez nous transmettre l&rsquo;information<\/B><\/I><\/FONT><\/SPAN><\/P><P style=\"margin:0cm 0cm 0pt;TEXT-ALIGN:center\" align=center><SPAN style=\"FONT-SIZE:14pt;BACKGROUND:silver;COLOR:purple;FONT-FAMILY:'Tango BT';\"><FONT style=\"BACKGROUND-COLOR:#fff\" face=\"Arial, Helvetica, sans-serif\" color=#900 size=5><I><B>afin de pouvoir le diffuser sur le site.<\/B><\/I><\/FONT><\/SPAN><\/P><P style=\"margin:0cm 0cm 0pt;TEXT-ALIGN:center\" align=center><SPAN style=\"FONT-SIZE:14pt;BACKGROUND:silver;COLOR:purple;FONT-FAMILY:'Tango BT';\"><FONT face=Arial><FONT style=\"BACKGROUND-COLOR:#fff\" color=#900 size=5><I><B>Les coordonn\u00e9es sont <\/B><\/I><\/FONT><FONT style=\"BACKGROUND-COLOR:#fff\" color=#0000ff size=3><I><B><A href=\"mailto:sptja@sptja.com\">sptja@sptja.com <\/A><\/B><\/I><\/FONT><\/FONT><\/SPAN><P style=\"margin:0cm 0cm 0pt;TEXT-ALIGN:center\" align=center><SPAN style=\"FONT-SIZE:14pt;BACKGROUND:silver;COLOR:purple;FONT-FAMILY:'Tango BT';\"><FONT face=Arial><FONT style=\"BACKGROUND-COLOR:#fff\" color=#0000ff size=3><I><B><P align=left><IMG src=\"\/A\/N\/D\/licorne.jpg\"> <\/P><P align=left><FONT color=#660066>Un chemin de lumi\u00e8re ouvre la porte<\/FONT><\/P><P align=left><FONT color=#660066>Rougie au ciel du soir<\/FONT><\/P><P align=left><FONT color=#660066>O&ugrave; plonge un arbre noir<\/FONT><\/P><P align=left><FONT color=#660066>Le ciel tourment\u00e9 m\u00eal\u00e9 de cuivre d&rsquo;or<\/FONT><\/P><P align=left><FONT color=#660066>Le jour qui s&rsquo;endort fait percer sa clart\u00e9<\/FONT><\/P><P align=left><FONT color=#660066><\/FONT><\/P><P><\/B><\/I><\/FONT><\/FONT><\/SPAN><\/p>\n<hr \/>\n<p><\/P><DIV><FONT face=Arial size=2><\/FONT><\/DIV><DIV><\/DIV><DIV><DIV><FONT face=Arial size=2><B><I><\/I><\/B><\/FONT><\/DIV><FONT face=Arial size=2><\/FONT><\/DIV><P><FONT color=#660066><FONT face=Arial size=2><B><I><FONT color=#000>Si vous le d\u00e9sirez n&rsquo;h\u00e9siter pas \u00e0 d\u00e9poser vos condol\u00e9ances sous<\/FONT><\/I><\/B> <FONT color=#000099>le lien si dessous<\/FONT><\/FONT><\/FONT><\/P><P align=left><a href=\"http:\/\/www.enaos.net\/P1200.aspx\" target=_new rel=\"noopener noreferrer\">http:\/\/www.enaos.net\/P1200.aspx<\/A><\/P><P><FONT color=#660066><B><FONT color=#000>D\u00e9c\u00e8s de Monsieur Jean DARLIER <SPAN class=navigatie><IMG class=\"\" style=\"WIDTH:111px;HEIGHT:145px\" alt=\"\" hspace=10 src=\"http:\/\/www.sabam.be\/website\/images\/jeandarlier.jpg\" align=left vspace=10 border=0><\/SPAN><\/FONT><\/B><\/P><P class=\"\" align=justify><SPAN class=tekst>L&rsquo;Asbl S.P.T.J.A. a appris avec tristesse la nouvelle du d\u00e9c\u00e8s inopin\u00e9 le jeudi 27 juillet 2006 \u00e0 l&rsquo;\u00e2ge de 86 ans de Monsieur Jean DARLIER. <BR><BR>Membre de la SABAM depuis 1946, M. DARLIER en \u00e9tait devenu l&rsquo;administrateur-d\u00e9l\u00e9gu\u00e9 francophone en 1975, charge qu&rsquo;il assumera durant exactement vingt ans. Il \u00e9tait une grande figure de proue de la d\u00e9fense des int\u00e9r\u00eats des auteurs, compositeurs et \u00e9diteurs tant en Belgique et \u00e0 l&rsquo;\u00e9tranger comme en attestent sa pr\u00e9sence active dans de nombreuses organisations nationales et internationales. <BR><BR>Le Conseil d&rsquo;administration, la direction et l&rsquo;ensemble du personnel de l&rsquo;Asbl S.P.T.J.A. pr\u00e9sentent leurs plus sinc\u00e8res condol\u00e9ances \u00e0 sa famille et \u00e0 ses proches. <BR><BR><U><B>Fun\u00e9railles<\/B><\/U>: La c\u00e9r\u00e9monie des fun\u00e9railles aura lieu le samedi 5 ao\u00fbt \u00e0 11 heures au cr\u00e9matorium de Gilly<B> <\/B>(rue des Nutons) suivie par la dispersion des cendres \u00e0 Wauthier-Braine.<BR><BR>Le corps repose au Centre Fun\u00e9raire de Bruxelles &#8211; CAMPENS &amp; fils (rue du Fort, 85 \u00e0 1060 Bruxelles). Un dernier hommage peut y \u00eatre rendu au d\u00e9funt entre 16h et 18h.<\/P><\/SPAN><\/FONT><\/B><\/I><\/FONT><\/FONT><\/SPAN><P><\/P><SPAN style=\"FONT-SIZE:14pt;BACKGROUND:silver;COLOR:purple;FONT-FAMILY:'Tango BT';\"><P style=\"margin:0cm 0cm 0pt;TEXT-ALIGN:center\" align=center><FONT size=3><FONT color=#000><FONT face=\"Times New Roman\"><\/FONT><\/FONT><\/FONT><\/P><P style=\"margin:0cm 0cm 0pt;TEXT-ALIGN:center\" align=center><FONT size=3><FONT color=#000><FONT face=\"Times New Roman\"><\/p>\n<p><\/FONT><\/FONT><\/FONT><\/P><\/SPAN><DIV><FONT face=Arial color=#9900cc><B><I><\/I><\/B><\/FONT><\/DIV><\/p>\n","protected":false},"excerpt":{"rendered":"<p>Si vous appreniez le d\u00e9c\u00e8s d&rsquo;un artiste,vous pouvez nous transmettre l&rsquo;informationafin de pouvoir le diffuser sur le site.Les coordonn\u00e9es sont sptja@sptja.com Un chemin de lumi\u00e8re&#8230;<\/p>\n","protected":false},"author":1,"featured_media":0,"comment_status":"closed","ping_status":"open","sticky":false,"template":"","format":"standard","meta":[],"categories":[3],"tags":[5],"_links":{"self":[{"href":"https:\/\/www.musicadeon.com\/index.php\/wp-json\/wp\/v2\/posts\/1986"}],"collection":[{"href":"https:\/\/www.musicadeon.com\/index.php\/wp-json\/wp\/v2\/posts"}],"about":[{"href":"https:\/\/www.musicadeon.com\/index.php\/wp-json\/wp\/v2\/types\/post"}],"author":[{"embeddable":true,"href":"https:\/\/www.musicadeon.com\/index.php\/wp-json\/wp\/v2\/users\/1"}],"replies":[{"embeddable":true,"href":"https:\/\/www.musicadeon.com\/index.php\/wp-json\/wp\/v2\/comments?post=1986"}],"version-history":[{"count":0,"href":"https:\/\/www.musicadeon.com\/index.php\/wp-json\/wp\/v2\/posts\/1986\/revisions"}],"wp:attachment":[{"href":"https:\/\/www.musicadeon.com\/index.php\/wp-json\/wp\/v2\/media?parent=1986"}],"wp:term":[{"taxonomy":"category","embeddable":true,"href":"https:\/\/www.musicadeon.com\/index.php\/wp-json\/wp\/v2\/categories?post=1986"},{"taxonomy":"post_tag","embeddable":true,"href":"https:\/\/www.musicadeon.com\/index.php\/wp-json\/wp\/v2\/tags?post=1986"}],"curies":[{"name":"wp","href":"https:\/\/api.w.org\/{rel}","templated":true}]}}