{"id":2024,"date":"2005-07-21T02:00:00","date_gmt":"2005-07-21T00:00:00","guid":{"rendered":"http:\/\/www.musicadeon.com\/index.php\/2005\/07\/21\/a-vos-agendas-20-07-2006\/"},"modified":"2005-07-21T02:00:00","modified_gmt":"2005-07-21T00:00:00","slug":"a-vos-agendas-20-07-2006","status":"publish","type":"post","link":"https:\/\/www.musicadeon.com\/index.php\/2005\/07\/21\/a-vos-agendas-20-07-2006\/","title":{"rendered":"\u00c0 vos agendas (20-07-2006)"},"content":{"rendered":"<p>Le Jeudi 20 Juillet 19h venez danser au \u00ab\u00a0Grognon\u00a0\u00bb \u00e0 l&rsquo;occasion de la f\u00eate national \u00e0 Namur (Belgique) avec la princesse de l&rsquo;accordeon <a href=\"http:\/\/www.erika.be\" target=\"_blank\" rel=\"noopener noreferrer\">Erika<\/a> Info:++32(0)475\/20.58.04<\/p>\n","protected":false},"excerpt":{"rendered":"<p>Le Jeudi 20 Juillet 19h venez danser au \u00ab\u00a0Grognon\u00a0\u00bb \u00e0 l&rsquo;occasion de la f\u00eate national \u00e0 Namur (Belgique) avec la princesse de l&rsquo;accordeon Erika Info:++32(0)475\/20.58.04<\/p>\n","protected":false},"author":1,"featured_media":0,"comment_status":"closed","ping_status":"open","sticky":false,"template":"","format":"standard","meta":[],"categories":[1],"tags":[],"_links":{"self":[{"href":"https:\/\/www.musicadeon.com\/index.php\/wp-json\/wp\/v2\/posts\/2024"}],"collection":[{"href":"https:\/\/www.musicadeon.com\/index.php\/wp-json\/wp\/v2\/posts"}],"about":[{"href":"https:\/\/www.musicadeon.com\/index.php\/wp-json\/wp\/v2\/types\/post"}],"author":[{"embeddable":true,"href":"https:\/\/www.musicadeon.com\/index.php\/wp-json\/wp\/v2\/users\/1"}],"replies":[{"embeddable":true,"href":"https:\/\/www.musicadeon.com\/index.php\/wp-json\/wp\/v2\/comments?post=2024"}],"version-history":[{"count":0,"href":"https:\/\/www.musicadeon.com\/index.php\/wp-json\/wp\/v2\/posts\/2024\/revisions"}],"wp:attachment":[{"href":"https:\/\/www.musicadeon.com\/index.php\/wp-json\/wp\/v2\/media?parent=2024"}],"wp:term":[{"taxonomy":"category","embeddable":true,"href":"https:\/\/www.musicadeon.com\/index.php\/wp-json\/wp\/v2\/categories?post=2024"},{"taxonomy":"post_tag","embeddable":true,"href":"https:\/\/www.musicadeon.com\/index.php\/wp-json\/wp\/v2\/tags?post=2024"}],"curies":[{"name":"wp","href":"https:\/\/api.w.org\/{rel}","templated":true}]}}