{"id":2025,"date":"2005-07-21T02:00:00","date_gmt":"2005-07-21T00:00:00","guid":{"rendered":"http:\/\/www.musicadeon.com\/index.php\/2005\/07\/21\/la-fete-national-a-namur-belgique-ce-20-juillet\/"},"modified":"2005-07-21T02:00:00","modified_gmt":"2005-07-21T00:00:00","slug":"la-fete-national-a-namur-belgique-ce-20-juillet","status":"publish","type":"post","link":"https:\/\/www.musicadeon.com\/index.php\/2005\/07\/21\/la-fete-national-a-namur-belgique-ce-20-juillet\/","title":{"rendered":"La F\u00eate National \u00e0 Namur (Belgique) Ce 20 Juillet"},"content":{"rendered":"<p><P align=center><IMG src=\"\/A\/N\/D\/grognonsptja200507201.jpg\"> <\/P><P align=center>Mr Gr\u00e9visse vice pr\u00e9sident des festivit\u00e9s de ce 20 juillet<\/P><P align=center><IMG src=\"\/A\/N\/D\/grognonsptja200507202.jpg\"> <\/P><P align=center>Le soleil montre le bout de son nez en ce 20 juillet il est 18 h 30 au pied de la statue Albert 1er \u00e0 Namur la musique d\u00e9bute dans une ambiance du tonnerre avec la princesse de l&rsquo;accord\u00e9on ERIKA et Jean-marie au clavier<\/P><P align=center><IMG src=\"\/A\/N\/D\/grognonsptja200507203.jpg\"> <\/P><P align=center><IMG src=\"\/A\/N\/D\/grognonsptja200507204.jpg\"> <\/P><P align=center>Vue d&rsquo;ensemble de Jambes<\/P><P align=center><IMG src=\"\/A\/N\/D\/grognonsptja200507205.jpg\"> <\/P><P align=center><IMG src=\"\/A\/N\/D\/grognonsptja200507206.jpg\"> <\/P><P align=center><IMG src=\"\/A\/N\/D\/grognonsptja200507207.jpg\"> <\/P><P align=center>Il est 19 h le public arrive pour se d\u00e9salt\u00e9rer et danser au son de l&rsquo;accord\u00e9on<\/P><P align=center><IMG src=\"\/A\/N\/D\/grognonsptja200507208.jpg\"> <\/P><P align=center>22 h il n&rsquo;y a plus une seule place assise<\/P><P align=center><IMG src=\"\/A\/N\/D\/grognonsptja200507209.jpg\"> <\/P><P align=center>23 h le feu d&rsquo;artifice d\u00e9bute c\u00a0\u00bbest bond\u00e9 de monde<\/P><P align=center><IMG src=\"\/A\/N\/D\/grognonsptja2005072010.jpg\"> <\/P><P align=center>Tout le monde est ravi du feu d&rsquo;artifice<\/P><P align=center><IMG src=\"\/A\/N\/D\/grognonsptja2005072011.jpg\"> <\/P><P align=center><IMG src=\"\/A\/N\/D\/grognonsptja2005072012.jpg\"> <\/P><P align=center><IMG src=\"\/A\/N\/D\/grognonsptja2005072013.jpg\"> <\/P><\/p>\n","protected":false},"excerpt":{"rendered":"<p>Mr Gr\u00e9visse vice pr\u00e9sident des festivit\u00e9s de ce 20 juillet Le soleil montre le bout de son nez en ce 20 juillet il est 18&#8230;<\/p>\n","protected":false},"author":1,"featured_media":0,"comment_status":"closed","ping_status":"open","sticky":false,"template":"","format":"standard","meta":[],"categories":[3],"tags":[5],"_links":{"self":[{"href":"https:\/\/www.musicadeon.com\/index.php\/wp-json\/wp\/v2\/posts\/2025"}],"collection":[{"href":"https:\/\/www.musicadeon.com\/index.php\/wp-json\/wp\/v2\/posts"}],"about":[{"href":"https:\/\/www.musicadeon.com\/index.php\/wp-json\/wp\/v2\/types\/post"}],"author":[{"embeddable":true,"href":"https:\/\/www.musicadeon.com\/index.php\/wp-json\/wp\/v2\/users\/1"}],"replies":[{"embeddable":true,"href":"https:\/\/www.musicadeon.com\/index.php\/wp-json\/wp\/v2\/comments?post=2025"}],"version-history":[{"count":0,"href":"https:\/\/www.musicadeon.com\/index.php\/wp-json\/wp\/v2\/posts\/2025\/revisions"}],"wp:attachment":[{"href":"https:\/\/www.musicadeon.com\/index.php\/wp-json\/wp\/v2\/media?parent=2025"}],"wp:term":[{"taxonomy":"category","embeddable":true,"href":"https:\/\/www.musicadeon.com\/index.php\/wp-json\/wp\/v2\/categories?post=2025"},{"taxonomy":"post_tag","embeddable":true,"href":"https:\/\/www.musicadeon.com\/index.php\/wp-json\/wp\/v2\/tags?post=2025"}],"curies":[{"name":"wp","href":"https:\/\/api.w.org\/{rel}","templated":true}]}}