{"id":2027,"date":"2005-07-27T02:00:00","date_gmt":"2005-07-27T00:00:00","guid":{"rendered":"http:\/\/www.musicadeon.com\/index.php\/2005\/07\/27\/a-vos-agendas-31-10-2005-2\/"},"modified":"2005-07-27T02:00:00","modified_gmt":"2005-07-27T00:00:00","slug":"a-vos-agendas-31-10-2005-2","status":"publish","type":"post","link":"https:\/\/www.musicadeon.com\/index.php\/2005\/07\/27\/a-vos-agendas-31-10-2005-2\/","title":{"rendered":"\u00c0 vos agendas (31-10-2005)"},"content":{"rendered":"<p>TAVERNE DU LANDOIR Malonne rue d\\&rsquo;Insevaux 87. Tous les samedis d\u00e8s 21 h. karaok\u00e9 et musique des ann\u00e9es 60-70-80. rythmes latinos et moderne. Tous les 2eme dimanche du mois d\u00e8s 18h. Th\u00e9 dansant anim\u00e9 par AIME ET JACKIE. Tous les 4eme dimanche du mois. D\u00e9s 18h, Th\u00e9 dansant \u00e0 la d\u00e9couverte des jeunes talents en collaboration avec S.P.T.J.A. T\u00e9l.081.44.15.16. CLAUDE VONECHE.<\/p>\n","protected":false},"excerpt":{"rendered":"<p>TAVERNE DU LANDOIR Malonne rue d\\&rsquo;Insevaux 87. Tous les samedis d\u00e8s 21 h. karaok\u00e9 et musique des ann\u00e9es 60-70-80. rythmes latinos et moderne. Tous les&#8230;<\/p>\n","protected":false},"author":1,"featured_media":0,"comment_status":"closed","ping_status":"open","sticky":false,"template":"","format":"standard","meta":[],"categories":[1],"tags":[],"_links":{"self":[{"href":"https:\/\/www.musicadeon.com\/index.php\/wp-json\/wp\/v2\/posts\/2027"}],"collection":[{"href":"https:\/\/www.musicadeon.com\/index.php\/wp-json\/wp\/v2\/posts"}],"about":[{"href":"https:\/\/www.musicadeon.com\/index.php\/wp-json\/wp\/v2\/types\/post"}],"author":[{"embeddable":true,"href":"https:\/\/www.musicadeon.com\/index.php\/wp-json\/wp\/v2\/users\/1"}],"replies":[{"embeddable":true,"href":"https:\/\/www.musicadeon.com\/index.php\/wp-json\/wp\/v2\/comments?post=2027"}],"version-history":[{"count":0,"href":"https:\/\/www.musicadeon.com\/index.php\/wp-json\/wp\/v2\/posts\/2027\/revisions"}],"wp:attachment":[{"href":"https:\/\/www.musicadeon.com\/index.php\/wp-json\/wp\/v2\/media?parent=2027"}],"wp:term":[{"taxonomy":"category","embeddable":true,"href":"https:\/\/www.musicadeon.com\/index.php\/wp-json\/wp\/v2\/categories?post=2027"},{"taxonomy":"post_tag","embeddable":true,"href":"https:\/\/www.musicadeon.com\/index.php\/wp-json\/wp\/v2\/tags?post=2027"}],"curies":[{"name":"wp","href":"https:\/\/api.w.org\/{rel}","templated":true}]}}