{"id":2097,"date":"2005-11-01T01:00:00","date_gmt":"2005-11-01T00:00:00","guid":{"rendered":"http:\/\/www.musicadeon.com\/index.php\/2005\/11\/01\/ray-5\/"},"modified":"2005-11-01T01:00:00","modified_gmt":"2005-11-01T00:00:00","slug":"ray-5","status":"publish","type":"post","link":"https:\/\/www.musicadeon.com\/index.php\/2005\/11\/01\/ray-5\/","title":{"rendered":"Ray"},"content":{"rendered":"<p><P><FONT size=+1>Un de plus!<\/FONT><\/P><P><FONT size=+1>Ce n&rsquo;est pas la routine&#8230; loin de l\u00e0 mais nous ne pouvons cacher notre joie quand notre festival namurois d&rsquo;accord\u00e9on est termin\u00e9 et que tout (dans l&rsquo;ensemble) s&rsquo;est bien pass\u00e9.<\/FONT><\/P><P><FONT size=+1>Ce fut encore une fois un succ\u00e8s car&#8230; vous \u00e9tiez au rendez-vous. Il faut bien reconnaitre que l&rsquo;affiche \u00e9tait belle, \u00e0 commencer par Jo Destr\u00e9 qui en a \u00e9pat\u00e9 plus d&rsquo;un. <A href=\"\/index.php\/category\/edito\/\">A ce propos, n&rsquo;h\u00e9sitez pas consulter notre \u00e9dito consacr\u00e9 \u00e0 Jo Destr\u00e9<\/A> et r\u00e9dig\u00e9 par Sachi\u00e9, une nouvelle venue qui renforce l&rsquo;\u00e9quipe des reporters du journal.<\/FONT><\/P><P><FONT size=+1>Pour revenir \u00e0 la journ\u00e9e du festival, je tiens d&rsquo;abord \u00e0 f\u00e9liciter tou(te)s les jeunes artistes qui nous ont montr\u00e9 qu&rsquo;ils (elles) avaient le potentiel pour devenir des talents \u00e9m\u00e9rites. Certains ont d\u00e9j\u00e0 plus l&rsquo;\u00e9toffe que d&rsquo;autres (quelques uns ont m\u00eame d\u00e9j\u00e0 particip\u00e9 \u00e0 l&rsquo;enregistrement d&rsquo;un CD) mais aucun n&rsquo;a d\u00e9m\u00e9rit\u00e9&#8230; en effet, pas simple de passer pour la premi\u00e8re fois sur sc\u00e8ne, avant tout autre artiste chevronn\u00e9 et de \u00ab\u00a0chauffer\u00a0\u00bb la salle! <\/FONT><\/P><P><FONT size=+1>Il y a bien eu quelques critiques (qui nous permettrons d&rsquo;am\u00e9liorer le prochain festival, le 17 octobre 2004) mais les \u00e9loges furent bien plus nombreuses encore. Merci.<\/FONT><\/P><P><FONT size=+1>Les premi\u00e8res photos et quelques interviews d&rsquo;artistes sont d&rsquo;ores et d\u00e9j\u00e0 disponibles dans <A href=\"\/A\/R\/index.php\">\u00ab\u00a0l&rsquo;apr\u00e8s festival\u00a0\u00bb ou par le biais de la section Archives<\/A> de ce site. Bien \u00e9videmment, au fur et \u00e0 mesure de notre temps libre, cette section de \u00ab\u00a0l&rsquo;apr\u00e8s festival\u00a0\u00bb va continuer \u00e0 s&rsquo;enrichir de photos, d&rsquo;interviews d&rsquo;artistes (tels que J\u00e9r\u00f4me B\u00e9roudiaux, JJ Lionel, Jean-Yves Laroche), d&rsquo;extraits musicaux du festival \u00ab\u00a0live\u00a0\u00bb (au format mp3), d&rsquo;un livre d&rsquo;or des artistes, etc.<\/FONT><\/P><P><FONT size=+1>Donc, n&rsquo;h\u00e9sitez pas consulter le site r\u00e9guli\u00e8rement. <\/FONT><\/P><\/p>\n","protected":false},"excerpt":{"rendered":"<p>Un de plus!Ce n&rsquo;est pas la routine&#8230; loin de l\u00e0 mais nous ne pouvons cacher notre joie quand notre festival namurois d&rsquo;accord\u00e9on est termin\u00e9 et&#8230;<\/p>\n","protected":false},"author":1,"featured_media":0,"comment_status":"closed","ping_status":"open","sticky":false,"template":"","format":"standard","meta":[],"categories":[2],"tags":[],"_links":{"self":[{"href":"https:\/\/www.musicadeon.com\/index.php\/wp-json\/wp\/v2\/posts\/2097"}],"collection":[{"href":"https:\/\/www.musicadeon.com\/index.php\/wp-json\/wp\/v2\/posts"}],"about":[{"href":"https:\/\/www.musicadeon.com\/index.php\/wp-json\/wp\/v2\/types\/post"}],"author":[{"embeddable":true,"href":"https:\/\/www.musicadeon.com\/index.php\/wp-json\/wp\/v2\/users\/1"}],"replies":[{"embeddable":true,"href":"https:\/\/www.musicadeon.com\/index.php\/wp-json\/wp\/v2\/comments?post=2097"}],"version-history":[{"count":0,"href":"https:\/\/www.musicadeon.com\/index.php\/wp-json\/wp\/v2\/posts\/2097\/revisions"}],"wp:attachment":[{"href":"https:\/\/www.musicadeon.com\/index.php\/wp-json\/wp\/v2\/media?parent=2097"}],"wp:term":[{"taxonomy":"category","embeddable":true,"href":"https:\/\/www.musicadeon.com\/index.php\/wp-json\/wp\/v2\/categories?post=2097"},{"taxonomy":"post_tag","embeddable":true,"href":"https:\/\/www.musicadeon.com\/index.php\/wp-json\/wp\/v2\/tags?post=2097"}],"curies":[{"name":"wp","href":"https:\/\/api.w.org\/{rel}","templated":true}]}}