{"id":2098,"date":"2005-11-02T01:00:00","date_gmt":"2005-11-02T00:00:00","guid":{"rendered":"http:\/\/www.musicadeon.com\/index.php\/2005\/11\/02\/sachie\/"},"modified":"2005-11-02T01:00:00","modified_gmt":"2005-11-02T00:00:00","slug":"sachie","status":"publish","type":"post","link":"https:\/\/www.musicadeon.com\/index.php\/2005\/11\/02\/sachie\/","title":{"rendered":"Sachi\u00e9"},"content":{"rendered":"<blockquote><p><P><FONT face=\"Georgia, Times New Roman, Times, serif\"><I><IMG height=500 src=\"\/A\/Edito\/images\/jo_destre.jpg\" width=182 align=right>&nbsp;&nbsp;&nbsp;&nbsp;&nbsp;&nbsp;&nbsp;&nbsp;&nbsp;&nbsp;<\/I><\/FONT><\/P><P><FONT face=\"Georgia, Times New Roman, Times, serif\"><I>&nbsp;&nbsp;&nbsp;&nbsp;&nbsp;&nbsp;&nbsp;&nbsp;&nbsp;&nbsp;C&rsquo;\u00e9tait la premi\u00e8re fois de ma vie que je voyais Jo Destr\u00e9; <a href=\"\/A\/Edito\/Docs\/sachie.htm\" target=_blank rel=\"noopener noreferrer\">de m\u00eame d&rsquo;ailleurs qu&rsquo;un accord\u00e9on \u00e0 boutons<\/A>&#8230;<\/I><\/FONT><\/P><P><FONT face=\"Georgia, Times New Roman, Times, serif\"><I>&nbsp;&nbsp;&nbsp;&nbsp;&nbsp;&nbsp;&nbsp;&nbsp;&nbsp;&nbsp;Pour mon premier festival d&rsquo;accord\u00e9on, d\u00e8s le d\u00e9but de l&rsquo;apparition de M. Destr\u00e9, je me suis sentie happ\u00e9e par sa musique; sa performance \u00e9tait tr\u00e8s dynamique et dramatique, ses m\u00e9lodies chaudes, entra\u00eenantes, moelleuses et urbaines&#8230; <\/I><\/FONT><\/P><P><FONT face=\"Georgia, Times New Roman, Times, serif\"><I>&nbsp;&nbsp;&nbsp;&nbsp;&nbsp;&nbsp;&nbsp;&nbsp;&nbsp;&nbsp;Sous son commandement, l&rsquo;accord\u00e9on a produit une musique qui a r\u00e9v\u00e9l\u00e9 la richesse et la diversit\u00e9 de son \u00ab\u00a0background\u00a0\u00bb tout en t\u00e9moignant de ses int\u00e9r\u00eats musicaux: blues, jazz, musique classique, etc. <\/I><\/FONT><\/P><P><FONT face=\"Georgia, Times New Roman, Times, serif\"><I>&nbsp;&nbsp;&nbsp;&nbsp;&nbsp;&nbsp;&nbsp;&nbsp;&nbsp;&nbsp;Avec sa fluidit\u00e9 vivifiante, cette musique transportait plein d&rsquo;\u00e9nergie et de vives \u00e9motions et qui, tour \u00e0 tour, rappelait un \u00e9clat de saxophone, la m\u00e9lancolie de l&rsquo;harmonica, un \u00e9lan de piano ou encore un sanglot de violon. <\/I><\/FONT><\/P><P><FONT face=\"Georgia, Times New Roman, Times, serif\"><I>&nbsp;&nbsp;&nbsp;&nbsp;&nbsp;&nbsp;&nbsp;&nbsp;&nbsp;&nbsp;De plus, j&rsquo;ai \u00e9t\u00e9 fascin\u00e9e et impressionn\u00e9e par son professionnalisme et son amour de la musique. Une essence de rythmes qui coule au travers de ses accords et qui vous fait vous sentir libre, heureuse&#8230; bref, qui vous transporte simplement, naturellement!<\/I><\/FONT><\/P><P><FONT face=\"Georgia, Times New Roman, Times, serif\"><I>&nbsp;&nbsp;&nbsp;&nbsp;&nbsp;&nbsp;&nbsp;&nbsp;&nbsp;&nbsp;Jo Destr\u00e9 pratique son art tel un artisan, fier, assidu,&#8230; touchant! Ainsi, cet homme qui \u00e9volue dans les arcanes de la musique se montre-t-il \u00e0 la fois sexy et vivant&#8230;<\/I><\/FONT><\/P><P><FONT face=\"Georgia, Times New Roman, Times, serif\"><I>&nbsp;&nbsp;&nbsp;&nbsp;&nbsp;&nbsp;&nbsp;&nbsp;&nbsp;&nbsp;Nous vous aimons, Jo!<\/I><\/FONT><\/P><\/BLOCKQUOTE><\/p>\n","protected":false},"excerpt":{"rendered":"<p>&nbsp;&nbsp;&nbsp;&nbsp;&nbsp;&nbsp;&nbsp;&nbsp;&nbsp;&nbsp;&nbsp;&nbsp;&nbsp;&nbsp;&nbsp;&nbsp;&nbsp;&nbsp;&nbsp;&nbsp;C&rsquo;\u00e9tait la premi\u00e8re fois de ma vie que je voyais Jo Destr\u00e9; de m\u00eame d&rsquo;ailleurs qu&rsquo;un accord\u00e9on \u00e0 boutons&#8230;&nbsp;&nbsp;&nbsp;&nbsp;&nbsp;&nbsp;&nbsp;&nbsp;&nbsp;&nbsp;Pour mon premier festival d&rsquo;accord\u00e9on, d\u00e8s le&#8230;<\/p>\n","protected":false},"author":1,"featured_media":0,"comment_status":"closed","ping_status":"open","sticky":false,"template":"","format":"standard","meta":[],"categories":[2],"tags":[],"_links":{"self":[{"href":"https:\/\/www.musicadeon.com\/index.php\/wp-json\/wp\/v2\/posts\/2098"}],"collection":[{"href":"https:\/\/www.musicadeon.com\/index.php\/wp-json\/wp\/v2\/posts"}],"about":[{"href":"https:\/\/www.musicadeon.com\/index.php\/wp-json\/wp\/v2\/types\/post"}],"author":[{"embeddable":true,"href":"https:\/\/www.musicadeon.com\/index.php\/wp-json\/wp\/v2\/users\/1"}],"replies":[{"embeddable":true,"href":"https:\/\/www.musicadeon.com\/index.php\/wp-json\/wp\/v2\/comments?post=2098"}],"version-history":[{"count":0,"href":"https:\/\/www.musicadeon.com\/index.php\/wp-json\/wp\/v2\/posts\/2098\/revisions"}],"wp:attachment":[{"href":"https:\/\/www.musicadeon.com\/index.php\/wp-json\/wp\/v2\/media?parent=2098"}],"wp:term":[{"taxonomy":"category","embeddable":true,"href":"https:\/\/www.musicadeon.com\/index.php\/wp-json\/wp\/v2\/categories?post=2098"},{"taxonomy":"post_tag","embeddable":true,"href":"https:\/\/www.musicadeon.com\/index.php\/wp-json\/wp\/v2\/tags?post=2098"}],"curies":[{"name":"wp","href":"https:\/\/api.w.org\/{rel}","templated":true}]}}