{"id":2195,"date":"2005-11-28T01:00:00","date_gmt":"2005-11-28T00:00:00","guid":{"rendered":"http:\/\/www.musicadeon.com\/index.php\/2005\/11\/28\/bonne-reusite-de-la-premiere-brocante-oganisee-par-lasbl-s-p-t-j-a\/"},"modified":"2005-11-28T01:00:00","modified_gmt":"2005-11-28T00:00:00","slug":"bonne-reusite-de-la-premiere-brocante-oganisee-par-lasbl-s-p-t-j-a","status":"publish","type":"post","link":"https:\/\/www.musicadeon.com\/index.php\/2005\/11\/28\/bonne-reusite-de-la-premiere-brocante-oganisee-par-lasbl-s-p-t-j-a\/","title":{"rendered":"Bonne r\u00e9usite de la premi\u00e8re brocante oganis\u00e9e par l&rsquo;Asbl S.P.T.J.A."},"content":{"rendered":"<p><P align=center><IMG src=\"\/A\/N\/D\/brocantesptja200511272.jpg\"> <\/P><P align=center>Il est 5 H du matin; les premiers brocanteurs arrivent installer leurs stands.<\/P><P align=center><IMG src=\"\/A\/N\/D\/brocantesptja200511273.jpg\"> <\/P><P align=center><IMG src=\"\/A\/N\/D\/brocantesptja200511274.jpg\"> <\/P><P align=center><IMG src=\"\/A\/N\/D\/brocantesptja200511275.jpg\"> <\/P><P align=center><IMG src=\"\/A\/N\/D\/brocantesptja200511276.jpg\"> <\/P><P align=center><IMG src=\"\/A\/N\/D\/brocantesptja200511277.jpg\"> <\/P><P align=center><IMG src=\"\/A\/N\/D\/brocantesptja200511278.jpg\"> <\/P><P align=center><P align=center><IMG src=\"\/A\/N\/D\/brocante2005112710sptja.jpg\"> <\/P><P><\/P><P align=center><\/P><P align=center><IMG src=\"\/A\/N\/D\/brocantesptja200511279.jpg\"> <\/P><P align=center><IMG src=\"\/A\/N\/D\/brocantesptja2005112711.jpg\"> <\/P><P align=center><IMG src=\"\/A\/N\/D\/brocantesptja2005112712.jpg\"> <\/P><P align=center><IMG src=\"\/A\/N\/D\/brocantesptja2005112713.jpg\"> <\/P><P align=center>Art Michel <\/P><P align=center><IMG src=\"\/A\/N\/D\/brocantesptja2005112714.jpg\"> <\/P><P align=center><IMG src=\"\/A\/N\/D\/brocantesptja2005112715.jpg\"> Mme Lambotte confectionne des napperons.<\/P><P align=center><IMG src=\"\/A\/N\/D\/brocantesptja2005112716.jpg\"> <\/P><P align=center><IMG src=\"\/A\/N\/D\/brocantesptja2005112717.jpg\"> <\/P><P align=center><IMG src=\"\/A\/N\/D\/brocantesptja2005112718.jpg\"> <\/P><P align=center><IMG src=\"\/A\/N\/D\/brocantesptja2005112719.jpg\"> <\/P><P align=center>M.Christophe nous proposait une p\u00eache aux canards pour les enfants.<\/P><P align=center><IMG src=\"\/A\/N\/D\/brocantesptja2005112720.jpg\"> <\/P><P align=center>Fait main du travail d&rsquo;artisan.<\/P><P align=center><IMG src=\"\/A\/N\/D\/brocantesptja2005112721.jpg\"> <\/P><P align=center><IMG src=\"\/A\/N\/D\/brocantesptja2005112722.jpg\"> <\/P><P align=center><IMG src=\"\/A\/N\/D\/brocantesptja2005112723.jpg\"> <\/P><P align=center>Pour une d\u00e9coration de table, il y avait de quoi satisfaire les plus difficiles. D\u00e9coration en pommes de pin r\u00e9alis\u00e9e par M. Obrecht.<\/P><P align=center><IMG src=\"\/A\/N\/D\/brocantesptja2005112724.jpg\"> <\/P><P align=center>Une d\u00e9coration tr\u00e8s originale des masques v\u00e9nitiens de toute beaut\u00e9. Fabrication d&rsquo;artiste r\u00e9alis\u00e9e par Val\u00e9rie de Lesves.<\/P><P align=center><IMG src=\"\/A\/N\/D\/brocantesptja2005112725.jpg\"> <\/P><P align=center>L&rsquo;artiste-peintre Paula Titeux de Lesves nous a propos\u00e9 des peintures pour toutes les bourses.<\/P><P align=center><IMG src=\"\/A\/N\/D\/brocantesptja2005112726.jpg\"> <\/P><P align=center>Du Patchwork au fuseau de Madame Renier, il y en a pour tous les go\u00fbts.<\/P><P align=center><IMG src=\"\/A\/N\/D\/brocantesptja2005112727.jpg\"> <\/P><P align=center>La voisine Djamila toujours en super forme. <\/P><P align=center><IMG src=\"\/A\/N\/D\/brocantesptja2005112728.jpg\"> <\/P><P align=center>Il ne faut pas boire du vin chaud \u00e0 9 H du matin: voil\u00e0 le r\u00e9sultat.<\/P><P align=center><IMG src=\"\/A\/N\/D\/brocantesptja2005112729.jpg\"> <\/P><P align=center><IMG src=\"\/A\/N\/D\/brocantesptja2005112730.jpg\"> <\/P><P align=center>Mme Paquet de Jambes <\/P><P align=center><IMG src=\"\/A\/N\/D\/brocantesptja2005112731.jpg\"> <\/P><P align=center>Jean-Pol Pestiaux de Bois-de-Villers: l&rsquo;artisan r\u00e9alise colliers et saints pour cr\u00e8ches.<\/P><P align=center><IMG src=\"\/A\/N\/D\/brocantesptja2005112732.jpg\"> <\/P><P align=center><\/P><P align=center><IMG src=\"\/A\/N\/D\/brocantesptja2005112733.jpg\"> <\/P><P align=center>Il est pratiquement 12 H; le public se d\u00e9place malgr\u00e9 le mauvais temps.<\/P><P align=center><IMG src=\"\/A\/N\/D\/brocantesptja2005112734.jpg\"> <\/P><P align=center><IMG src=\"\/A\/N\/D\/brocantesptja2005112735.jpg\"> <\/P><P align=center><IMG src=\"\/A\/N\/D\/brocantesptja2005112736.jpg\"> <\/P><P><\/P><P><B><I><FONT color=#c00 size=5><\/FONT><\/I><\/B><\/P><P align=center><IMG src=\"\/A\/N\/D\/brocantesptja2005112737.jpg\"> <\/P><P align=center>Tout le monde s&rsquo;amuse: que la f\u00eate continue!<\/P><P><\/P><P><B><I><FONT color=#ff3300 size=5><\/FONT><\/I><\/B><\/P><\/p>\n","protected":false},"excerpt":{"rendered":"<p>Il est 5 H du matin; les premiers brocanteurs arrivent installer leurs stands. Art Michel Mme Lambotte confectionne des napperons. M.Christophe nous proposait une p\u00eache&#8230;<\/p>\n","protected":false},"author":1,"featured_media":0,"comment_status":"closed","ping_status":"open","sticky":false,"template":"","format":"standard","meta":[],"categories":[3],"tags":[5],"_links":{"self":[{"href":"https:\/\/www.musicadeon.com\/index.php\/wp-json\/wp\/v2\/posts\/2195"}],"collection":[{"href":"https:\/\/www.musicadeon.com\/index.php\/wp-json\/wp\/v2\/posts"}],"about":[{"href":"https:\/\/www.musicadeon.com\/index.php\/wp-json\/wp\/v2\/types\/post"}],"author":[{"embeddable":true,"href":"https:\/\/www.musicadeon.com\/index.php\/wp-json\/wp\/v2\/users\/1"}],"replies":[{"embeddable":true,"href":"https:\/\/www.musicadeon.com\/index.php\/wp-json\/wp\/v2\/comments?post=2195"}],"version-history":[{"count":0,"href":"https:\/\/www.musicadeon.com\/index.php\/wp-json\/wp\/v2\/posts\/2195\/revisions"}],"wp:attachment":[{"href":"https:\/\/www.musicadeon.com\/index.php\/wp-json\/wp\/v2\/media?parent=2195"}],"wp:term":[{"taxonomy":"category","embeddable":true,"href":"https:\/\/www.musicadeon.com\/index.php\/wp-json\/wp\/v2\/categories?post=2195"},{"taxonomy":"post_tag","embeddable":true,"href":"https:\/\/www.musicadeon.com\/index.php\/wp-json\/wp\/v2\/tags?post=2195"}],"curies":[{"name":"wp","href":"https:\/\/api.w.org\/{rel}","templated":true}]}}