{"id":2200,"date":"2005-11-30T01:00:00","date_gmt":"2005-11-30T00:00:00","guid":{"rendered":"http:\/\/www.musicadeon.com\/index.php\/2005\/11\/30\/marche-de-noel-a-denee-belgique\/"},"modified":"2005-11-30T01:00:00","modified_gmt":"2005-11-30T00:00:00","slug":"marche-de-noel-a-denee-belgique","status":"publish","type":"post","link":"https:\/\/www.musicadeon.com\/index.php\/2005\/11\/30\/marche-de-noel-a-denee-belgique\/","title":{"rendered":"March\u00e9 de NO\u00ebL \u00e0 Den\u00e9e (Belgique)"},"content":{"rendered":"<p><P align=left><IMG src=\"\/A\/N\/D\/sapinnoelsptja20051202.jpg\"> <\/P><P><SPAN style=\"FONT-SIZE:12pt;FONT-FAMILY:'Times New Roman';\"><?<v:shapetype id=_x0000_t75 coordsize=\"21600,21600\" o:spt=\"75\" o:preferrelative=\"t\" path=\"m@4@5l@4@11@9@11@9@5xe\" filled=\"f\" stroked=\"f\"><v:stroke joinstyle=\"miter\"><\/v:stroke><v:formulas><v:f eqn=\"if lineDrawn pixelLineWidth 0\"><\/v:f><v:f eqn=\"sum @0 1 0\"><\/v:f><v:f eqn=\"sum 0 0 @1\"><\/v:f><v:f eqn=\"prod @2 1 2\"><\/v:f><v:f eqn=\"prod @3 21600 pixelWidth\"><\/v:f><v:f eqn=\"prod @3 21600 pixelHeight\"><\/v:f><v:f eqn=\"sum @0 0 1\"><\/v:f><v:f eqn=\"prod @6 1 2\"><\/v:f><v:f eqn=\"prod @7 21600 pixelWidth\"><\/v:f><v:f eqn=\"sum @8 21600 0\"><\/v:f><v:f eqn=\"prod @7 21600 pixelHeight\"><\/v:f><v:f eqn=\"sum @10 21600 0\"><\/v:f><\/v:formulas><v:path o:extrusionok=\"f\" gradientshapeok=\"t\" o:connecttype=\"rect\"><\/v:path><lock v:ext=\"edit\" aspectratio=\"t\"><\/lock><\/v:shapetype><\/SPAN><\/P><P><\/P><P><B><I><FONT color=#cc0099 size=4>Samedi de 15h \u00e0 22h<\/FONT><\/I><\/B><\/P><P><B><I><FONT color=#cc0099 size=4>Salle d&rsquo;anjou \u00e0 Den\u00e9e (Maredsous)<\/FONT><\/I><\/B><\/P><\/p>\n","protected":false},"excerpt":{"rendered":"","protected":false},"author":1,"featured_media":0,"comment_status":"closed","ping_status":"open","sticky":false,"template":"","format":"standard","meta":[],"categories":[3],"tags":[5],"_links":{"self":[{"href":"https:\/\/www.musicadeon.com\/index.php\/wp-json\/wp\/v2\/posts\/2200"}],"collection":[{"href":"https:\/\/www.musicadeon.com\/index.php\/wp-json\/wp\/v2\/posts"}],"about":[{"href":"https:\/\/www.musicadeon.com\/index.php\/wp-json\/wp\/v2\/types\/post"}],"author":[{"embeddable":true,"href":"https:\/\/www.musicadeon.com\/index.php\/wp-json\/wp\/v2\/users\/1"}],"replies":[{"embeddable":true,"href":"https:\/\/www.musicadeon.com\/index.php\/wp-json\/wp\/v2\/comments?post=2200"}],"version-history":[{"count":0,"href":"https:\/\/www.musicadeon.com\/index.php\/wp-json\/wp\/v2\/posts\/2200\/revisions"}],"wp:attachment":[{"href":"https:\/\/www.musicadeon.com\/index.php\/wp-json\/wp\/v2\/media?parent=2200"}],"wp:term":[{"taxonomy":"category","embeddable":true,"href":"https:\/\/www.musicadeon.com\/index.php\/wp-json\/wp\/v2\/categories?post=2200"},{"taxonomy":"post_tag","embeddable":true,"href":"https:\/\/www.musicadeon.com\/index.php\/wp-json\/wp\/v2\/tags?post=2200"}],"curies":[{"name":"wp","href":"https:\/\/api.w.org\/{rel}","templated":true}]}}