{"id":2216,"date":"2005-12-16T01:00:00","date_gmt":"2005-12-16T00:00:00","guid":{"rendered":"http:\/\/www.musicadeon.com\/index.php\/2005\/12\/16\/a-vos-agendas-24-06-2006\/"},"modified":"2005-12-16T01:00:00","modified_gmt":"2005-12-16T00:00:00","slug":"a-vos-agendas-24-06-2006","status":"publish","type":"post","link":"https:\/\/www.musicadeon.com\/index.php\/2005\/12\/16\/a-vos-agendas-24-06-2006\/","title":{"rendered":"\u00c0 vos agendas (24-06-2006)"},"content":{"rendered":"<p>Le Samedi 24 Juin \u00e0 20h, la princesse de l&rsquo;accord\u00e9on <a href=\"http:\/\/www.erika.be\" target=\"_blank\" rel=\"noopener noreferrer\">Erika<\/a> &#038; son Orchestre vous invite en la super grande \u00ab\u00a0salle des f\u00eates\u00a0\u00bb de Mexy (France) pour un grand bal populaire (Entr\u00e9e gratuite) Info:++32(0)475.20.58.04<\/p>\n","protected":false},"excerpt":{"rendered":"<p>Le Samedi 24 Juin \u00e0 20h, la princesse de l&rsquo;accord\u00e9on Erika &#038; son Orchestre vous invite en la super grande \u00ab\u00a0salle des f\u00eates\u00a0\u00bb de Mexy&#8230;<\/p>\n","protected":false},"author":1,"featured_media":0,"comment_status":"closed","ping_status":"open","sticky":false,"template":"","format":"standard","meta":[],"categories":[1],"tags":[],"_links":{"self":[{"href":"https:\/\/www.musicadeon.com\/index.php\/wp-json\/wp\/v2\/posts\/2216"}],"collection":[{"href":"https:\/\/www.musicadeon.com\/index.php\/wp-json\/wp\/v2\/posts"}],"about":[{"href":"https:\/\/www.musicadeon.com\/index.php\/wp-json\/wp\/v2\/types\/post"}],"author":[{"embeddable":true,"href":"https:\/\/www.musicadeon.com\/index.php\/wp-json\/wp\/v2\/users\/1"}],"replies":[{"embeddable":true,"href":"https:\/\/www.musicadeon.com\/index.php\/wp-json\/wp\/v2\/comments?post=2216"}],"version-history":[{"count":0,"href":"https:\/\/www.musicadeon.com\/index.php\/wp-json\/wp\/v2\/posts\/2216\/revisions"}],"wp:attachment":[{"href":"https:\/\/www.musicadeon.com\/index.php\/wp-json\/wp\/v2\/media?parent=2216"}],"wp:term":[{"taxonomy":"category","embeddable":true,"href":"https:\/\/www.musicadeon.com\/index.php\/wp-json\/wp\/v2\/categories?post=2216"},{"taxonomy":"post_tag","embeddable":true,"href":"https:\/\/www.musicadeon.com\/index.php\/wp-json\/wp\/v2\/tags?post=2216"}],"curies":[{"name":"wp","href":"https:\/\/api.w.org\/{rel}","templated":true}]}}