{"id":2226,"date":"2006-01-13T01:00:00","date_gmt":"2006-01-13T00:00:00","guid":{"rendered":"http:\/\/www.musicadeon.com\/index.php\/2006\/01\/13\/la-salle-gabriel-bernard-en-fete-a-moustier-sur-sambre-belgique-avec-lasbl-s-p-t-j-a-a-loccasion-de-linauguration-de-radio-musicadeon\/"},"modified":"2006-01-13T01:00:00","modified_gmt":"2006-01-13T00:00:00","slug":"la-salle-gabriel-bernard-en-fete-a-moustier-sur-sambre-belgique-avec-lasbl-s-p-t-j-a-a-loccasion-de-linauguration-de-radio-musicadeon","status":"publish","type":"post","link":"https:\/\/www.musicadeon.com\/index.php\/2006\/01\/13\/la-salle-gabriel-bernard-en-fete-a-moustier-sur-sambre-belgique-avec-lasbl-s-p-t-j-a-a-loccasion-de-linauguration-de-radio-musicadeon\/","title":{"rendered":"La salle GABRIEL BERNARD en F\u00eate \u00e0 Moustier sur Sambre (Belgique) avec L&rsquo;Asbl S.P.T.J.A. \u00e0 l&rsquo;occasion de l&rsquo;inauguration de \u00a0\u00bbRadio musicad\u00e9on\u00a0\u00bb"},"content":{"rendered":"<p><P><FONT color=#c00 size=4><B><I>Le Dimanche 30 Avril 2006 L&rsquo;Asbl S.P.T.J.A. vous invite en la salle GABRIEL BERNARD \u00e0 Moustier sur Sambre (Belgique).<\/I><\/B><\/FONT><B><I><FONT color=#c00 size=4>Nous savons d\u00e9j\u00e0 que, pour l&rsquo;ouverture officielle de \u00ab\u00a0<FONT color=#000066 size=5>Radiomusicad\u00e9on<\/FONT>\u00ab\u00a0, nous aurons <\/FONT><FONT color=#c00 size=4>l&rsquo;honneur de recevoir en tant qu&rsquo;invit\u00e9 notre ami: <\/FONT><FONT color=#c00 size=4><FONT color=#3333ff><FONT color=#000066>Jean Claude Lahaye<\/FONT> <a href=\"http:\/\/jcl13.skyblog.com\/\" target=_new rel=\"noopener noreferrer\"><FONT color=#000099>http:\/\/jcl13.skyblog.com\/<\/FONT><\/A><\/FONT><FONT color=#ff3366> <\/FONT><FONT color=#c00>ainsi que plusieurs autres artistes comme par exemple notre autre ami de longue date \u00ab\u00a0<\/FONT><FONT color=#000066>Henri Golan<\/FONT><FONT color=#ff0000>\u00ab\u00a0.<FONT color=#c00>Nous avons aussi la joie de vous annoncer la participation de deux artistes aussi exceptionnels que les deux premiers cit\u00e9s: <\/FONT><FONT color=#000066>Annie Loris &amp; Franck Johan.<\/FONT><\/FONT><\/FONT><\/I><\/B><FONT color=#c00 size=4><B><I>A l&rsquo;occasion d&rsquo;un diner dansant qui sera annim\u00e9 par la princesse de l&rsquo;accord\u00e9on Erika &amp; son ensemble <FONT color=#060>(ENTRE GRATUITE)<\/FONT> Info: ++32(0)475.20.58.04 ou <a href=\"http:\/\/www.erika.be\/\" target=_new rel=\"noopener noreferrer\">http:\/\/www.erika.be<\/A><\/I><\/B><\/FONT><\/P><P><IMG src=\"\/A\/N\/D\/mexy520040619.jpg\"> <P align=center><IMG src=\"\/A\/N\/D\/innaurgurationderadiomusicadeon20060430.jpg\"> <\/P><P><\/P><P align=center><IMG src=\"\/A\/N\/D\/bannerdpetitsptja.gif\"> <\/P><P align=center><IMG src=\"\/A\/N\/D\/webradionewssptja.jpg\"> <\/P><P align=center><a href=\"http:\/\/www.webradios-news.com\/nuke\/\" target=_new rel=\"noopener noreferrer\">http:\/\/www.webradios-news.com\/nuke\/<\/A><\/P><P align=center><\/p>\n<hr \/>\n<p><\/P><P align=center><IMG src=\"\/A\/N\/D\/galeriemusiquesptja.jpg\"><\/P><P align=center><a href=\"http:\/\/www.galerie-musique.com\/\" target=_new rel=\"noopener noreferrer\">http:\/\/www.galerie-musique.com<\/A> <\/P><\/p>\n","protected":false},"excerpt":{"rendered":"<p>Le Dimanche 30 Avril 2006 L&rsquo;Asbl S.P.T.J.A. vous invite en la salle GABRIEL BERNARD \u00e0 Moustier sur Sambre (Belgique).Nous savons d\u00e9j\u00e0 que, pour l&rsquo;ouverture officielle&#8230;<\/p>\n","protected":false},"author":1,"featured_media":0,"comment_status":"closed","ping_status":"open","sticky":false,"template":"","format":"standard","meta":[],"categories":[3],"tags":[5],"_links":{"self":[{"href":"https:\/\/www.musicadeon.com\/index.php\/wp-json\/wp\/v2\/posts\/2226"}],"collection":[{"href":"https:\/\/www.musicadeon.com\/index.php\/wp-json\/wp\/v2\/posts"}],"about":[{"href":"https:\/\/www.musicadeon.com\/index.php\/wp-json\/wp\/v2\/types\/post"}],"author":[{"embeddable":true,"href":"https:\/\/www.musicadeon.com\/index.php\/wp-json\/wp\/v2\/users\/1"}],"replies":[{"embeddable":true,"href":"https:\/\/www.musicadeon.com\/index.php\/wp-json\/wp\/v2\/comments?post=2226"}],"version-history":[{"count":0,"href":"https:\/\/www.musicadeon.com\/index.php\/wp-json\/wp\/v2\/posts\/2226\/revisions"}],"wp:attachment":[{"href":"https:\/\/www.musicadeon.com\/index.php\/wp-json\/wp\/v2\/media?parent=2226"}],"wp:term":[{"taxonomy":"category","embeddable":true,"href":"https:\/\/www.musicadeon.com\/index.php\/wp-json\/wp\/v2\/categories?post=2226"},{"taxonomy":"post_tag","embeddable":true,"href":"https:\/\/www.musicadeon.com\/index.php\/wp-json\/wp\/v2\/tags?post=2226"}],"curies":[{"name":"wp","href":"https:\/\/api.w.org\/{rel}","templated":true}]}}