{"id":2233,"date":"2006-01-14T01:00:00","date_gmt":"2006-01-14T00:00:00","guid":{"rendered":"http:\/\/www.musicadeon.com\/index.php\/2006\/01\/14\/a-vos-agendas-14-05-2006\/"},"modified":"2006-01-14T01:00:00","modified_gmt":"2006-01-14T00:00:00","slug":"a-vos-agendas-14-05-2006","status":"publish","type":"post","link":"https:\/\/www.musicadeon.com\/index.php\/2006\/01\/14\/a-vos-agendas-14-05-2006\/","title":{"rendered":"\u00c0 vos agendas (14-05-2006)"},"content":{"rendered":"<p>Le Dimanche 14 Mai 2006 \u00e0 partir de 18 Heures The dansant anim\u00e9 par: PATRICK DUQUENOY (clavi\u00e9riste-Chanteur) Ambiance Assur\u00e9e \u00e0 \u00ab\u00a0La Taverne Du Landoir\u00a0\u00bb rue d&rsquo;Insevaux 87 \u00e0 Malonne (Belgique)en collaboration avec L&rsquo;Asbl S.P.T.J.A.<\/p>\n","protected":false},"excerpt":{"rendered":"<p>Le Dimanche 14 Mai 2006 \u00e0 partir de 18 Heures The dansant anim\u00e9 par: PATRICK DUQUENOY (clavi\u00e9riste-Chanteur) Ambiance Assur\u00e9e \u00e0 \u00ab\u00a0La Taverne Du Landoir\u00a0\u00bb rue&#8230;<\/p>\n","protected":false},"author":1,"featured_media":0,"comment_status":"closed","ping_status":"open","sticky":false,"template":"","format":"standard","meta":[],"categories":[1],"tags":[],"_links":{"self":[{"href":"https:\/\/www.musicadeon.com\/index.php\/wp-json\/wp\/v2\/posts\/2233"}],"collection":[{"href":"https:\/\/www.musicadeon.com\/index.php\/wp-json\/wp\/v2\/posts"}],"about":[{"href":"https:\/\/www.musicadeon.com\/index.php\/wp-json\/wp\/v2\/types\/post"}],"author":[{"embeddable":true,"href":"https:\/\/www.musicadeon.com\/index.php\/wp-json\/wp\/v2\/users\/1"}],"replies":[{"embeddable":true,"href":"https:\/\/www.musicadeon.com\/index.php\/wp-json\/wp\/v2\/comments?post=2233"}],"version-history":[{"count":0,"href":"https:\/\/www.musicadeon.com\/index.php\/wp-json\/wp\/v2\/posts\/2233\/revisions"}],"wp:attachment":[{"href":"https:\/\/www.musicadeon.com\/index.php\/wp-json\/wp\/v2\/media?parent=2233"}],"wp:term":[{"taxonomy":"category","embeddable":true,"href":"https:\/\/www.musicadeon.com\/index.php\/wp-json\/wp\/v2\/categories?post=2233"},{"taxonomy":"post_tag","embeddable":true,"href":"https:\/\/www.musicadeon.com\/index.php\/wp-json\/wp\/v2\/tags?post=2233"}],"curies":[{"name":"wp","href":"https:\/\/api.w.org\/{rel}","templated":true}]}}