{"id":2305,"date":"2006-04-07T02:00:00","date_gmt":"2006-04-07T00:00:00","guid":{"rendered":"http:\/\/www.musicadeon.com\/index.php\/2006\/04\/07\/tete-a-tete-avec-jean-pierre-baily-bourgmestre-de-profondeville-a-radio-musicadeon-lesves-belgique\/"},"modified":"2006-04-07T02:00:00","modified_gmt":"2006-04-07T00:00:00","slug":"tete-a-tete-avec-jean-pierre-baily-bourgmestre-de-profondeville-a-radio-musicadeon-lesves-belgique","status":"publish","type":"post","link":"https:\/\/www.musicadeon.com\/index.php\/2006\/04\/07\/tete-a-tete-avec-jean-pierre-baily-bourgmestre-de-profondeville-a-radio-musicadeon-lesves-belgique\/","title":{"rendered":"T\u00eate-\u00e0-t\u00eate avec Jean Pierre Baily, Bourgmestre de Profondeville \u00e0 Radio Musicad\u00e9on Lesves (Belgique)"},"content":{"rendered":"<p><P align=center><IMG src=\"\/A\/N\/D\/bourgmestre1profondeville20060412musicadeon.jpg\"> <\/P><P align=center><I><FONT color=#c00 size=5><U><B>Premi\u00e8re d&rsquo;une nouvelle \u00e9mission.<\/B><\/U><\/FONT><\/I><\/P><P align=center><I><FONT color=#000 size=4>Cette \u00e9mission, anim\u00e9e par notre reporter Claude Vilain, sous la houlette de notre<\/FONT><\/I><\/P><P align=center><I><FONT size=4>ami Georges Piette portera le nom de <B><FONT color=#c00>\u00ab\u00a0<\/FONT><\/B><\/FONT><FONT color=#c00 size=5><B>Actualit\u00e9 vue par le Vilain\u00a0\u00bb.<\/B><\/FONT><\/I><\/P><P align=center><B><I><FONT color=#330099 size=5><U>Reportage<\/U><\/FONT><\/I><\/B><\/P><P align=center><I><FONT color=#000 size=4>D&rsquo;entr\u00e9e de jeu, Mr le Bourgmestre d\u00e9cline son identit\u00e9 ainsi que ses casquettes:<\/FONT><\/I><\/P><P align=center><I><FONT size=4>Bourgmestre de l&rsquo;entit\u00e9 de Profondeville.<\/FONT><\/I><\/P><P align=center><I><FONT size=4>Docteur en m\u00e9decine.<\/FONT><\/I><\/P><P align=center><I><FONT size=4>Pr\u00e9sident du club de football de Profondeville.<\/FONT><\/I><\/P><P align=center><I><FONT size=4>En ce qui concerne la famille, son \u00e9pouse est \u00e9galement Docteur en m\u00e9decine.<\/FONT><\/I><\/P><P align=center><I><FONT size=4>Ils ont 3 enfants; 2 gar&ccedil;ons et 1 fille ainsi qu&rsquo;un petit-fils de 21 mois. <P align=center><IMG src=\"\/A\/N\/D\/bourgmestre02profondeville20060412musicadeon.jpg\"> <\/P><P align=center><FONT color=#c00>Le Premier Monsieur de la commune est bien dans son sujet.<\/FONT><\/P><\/FONT><\/I><P><\/P><P align=center><I><FONT size=4>Mr Baily nous explique que son entit\u00e9 de 11.500 habitants se compose de 6 communes:<\/FONT><\/I><\/P><P align=center><I><FONT size=4>Profondeville, Lustin, Arbre, Lesves, Bois de Villers, Rivi\u00e8re. Il nous dit \u00e9galement<\/FONT><\/I><\/P><P align=center><I><FONT size=4>que le patrimoine de l&rsquo;entit\u00e9 ainsi que la Meuse attirent un grand nombre de touristes.<\/FONT><\/I><\/P><P align=center><I><FONT size=4>On parle de budget et on apprend que la voirie, l&rsquo;\u00e9gouttage, l&rsquo;\u00e9puration ont co\u00fbt\u00e9 tr\u00e8s cher<\/FONT><\/I><\/P><P align=center><I><FONT size=4>\u00e0 la commune. On parle \u00e9galement de parc \u00e0 conteneurs mais \u00e0 ce sujet, rien n&rsquo;est encore <\/FONT><\/I><\/P><P align=center><I><FONT size=4>d\u00e9cid\u00e9; en cause, la crainte des administr\u00e9s en ce qui concerne la pollution(bruit,<\/FONT><\/I><\/P><P align=center><I><FONT size=4>circulation accrue, etc&#8230;.) que pourrait engendrer un tel projet. <P align=center><IMG src=\"\/A\/N\/D\/bourgmestre13profondeville20060412musicadeon.jpg\"> <\/P><P align=center><FONT color=#c00>Notre journaliste Claude est l&rsquo;animateur de cette nouvelle \u00e9mission.<\/FONT><\/P><\/FONT><\/I><P><\/P><P align=center><I><FONT size=4>Mr le Bourgmestre f\u00e9licite tout le personnel communal pour son amabilit\u00e9 et son fairplay<\/FONT><\/I><\/P><P align=center><I><FONT size=4>et nous dit qu&rsquo;il est tr\u00e8s fier que sa commune aie re&ccedil;u le label \u00ab\u00a0handycity\u00a0\u00bbcar beaucoup de <\/FONT><\/I><\/P><P align=center><I><FONT size=4>choses ont \u00e9t\u00e9 r\u00e9alis\u00e9es pour le bien-\u00eatre et la facilit\u00e9 des personnes \u00e0 mobilit\u00e9 r\u00e9duite.<\/FONT><\/I><\/P><P align=center><I><FONT size=4>Exemples: ascenseur \u00e0 la maison communale; portes automatiques; plusieurs places de parking<\/FONT><\/I><\/P><P align=center><I><FONT size=4>etc&#8230;..De plus, la politique \u00e9tant que les personnes ag\u00e9es doivent, dans la mesure du possible,<\/FONT><\/I><\/P><P align=center><I><FONT size=4>rester chez elles si elles le veulent. <P align=center><IMG src=\"\/A\/N\/D\/bourgmestre6profondeville20060412musicadeon.jpg\"> <\/P><P align=center><FONT color=#c00>En cette occasion, notre animateur Michel s&rsquo;occupe de la technique.<\/FONT><\/P><\/FONT><\/I><P><\/P><P align=center><I><FONT size=4>La fusion des polices n&rsquo;avait pas \u00e9t\u00e9 trop bien per&ccedil;ue, malgr\u00e9 un nouveau visage ax\u00e9<\/FONT><\/I><\/P><P align=center><I><FONT size=4>sur la proximit\u00e9. Maintenant, elle trouve sa place car elle est pr\u00e9sente sur le terrain<\/FONT><\/I><\/P><P align=center><I><FONT size=4>24h\/24; on voit des patrouilles nocturnes et le chef de zone fait son travail pour le mieux.<\/FONT><\/I><\/P><P align=center><I><FONT size=4>Parlons un peu de la culture; il existe un accord de d\u00e9centralisation du th\u00e9\u00e2tre de Namur <\/FONT><\/I><\/P><P align=center><I><FONT size=4>vers la maison de la culture de Profondeville qui s&rsquo;appelle \u00ab\u00a0le th\u00e9\u00e2tre \u00e0 l&rsquo;\u00e9cole\u00a0\u00bb et qui <\/FONT><\/I><\/P><P align=center><I><FONT size=4>fonctionne \u00e0 merveille. Le Tec assurant le transport des \u00e9l\u00e8ves. Les 10 et 11 juin le<\/FONT><\/I><\/P><P align=center><I><FONT size=4>\u00ab\u00a0Week-end Bienvenue\u00a0\u00bb ouvrira les portes chez de nombreux artisans, pme, soci\u00e9t\u00e9s etc&#8230;<\/FONT><\/I><\/P><P align=center><I><FONT size=4>tels que: l&rsquo;usine de Tailfer, la Sptja, la Cibe et bien d&rsquo;autres. <P align=center><IMG src=\"\/A\/N\/D\/bourgmestre10profondeville20060412musicadeon.jpg\"> <\/P><P align=center><FONT color=#c00>G.B. doit prendre des notes car il est en charge de la r\u00e9daction.<\/FONT><\/P><\/FONT><\/I><P><\/P><P align=center><I><FONT size=4>A la fin du rendez-vous, Mr le Bourgmestre confirme qu&rsquo;un lien entre la commune et<\/FONT><\/I><\/P><P align=center><I><FONT size=4>Radio Musicad\u00e9on serait le bienvenu puisque notre radio devient un nouveau<\/FONT><\/I><\/P><P align=center><I><FONT size=4>m\u00e9dia non n\u00e9gligeable pour la commune de Profondeville. <P align=center><IMG src=\"\/A\/N\/D\/bourgmestre9profondeville20060412musicadeon.jpg\"> <\/P><P align=center><FONT color=#c00>Mr le Bourgmestre nous dit \u00ab\u00a0au revoir\u00a0\u00bb et \u00e0 bient\u00f4t.<\/FONT><\/P><\/FONT><\/I><P><\/P><P align=center><I><FONT size=4>Mr le Bourgmestre nous remercie pour le bon moment pass\u00e9.<\/FONT><\/I><\/P><P align=left><I><FONT size=4><U><FONT color=#0000cc>R\u00e9daction et Edition:<\/FONT><\/U> <B><U>G.B.<\/U><\/B><\/FONT><\/I><\/P><P align=center><\/P><P align=center><B><I><U><FONT color=#c00 size=5><\/FONT><\/U><\/I><\/B><\/P><\/p>\n","protected":false},"excerpt":{"rendered":"<p>Premi\u00e8re d&rsquo;une nouvelle \u00e9mission.Cette \u00e9mission, anim\u00e9e par notre reporter Claude Vilain, sous la houlette de notreami Georges Piette portera le nom de \u00ab\u00a0Actualit\u00e9 vue par&#8230;<\/p>\n","protected":false},"author":1,"featured_media":0,"comment_status":"closed","ping_status":"open","sticky":false,"template":"","format":"standard","meta":[],"categories":[3],"tags":[5],"_links":{"self":[{"href":"https:\/\/www.musicadeon.com\/index.php\/wp-json\/wp\/v2\/posts\/2305"}],"collection":[{"href":"https:\/\/www.musicadeon.com\/index.php\/wp-json\/wp\/v2\/posts"}],"about":[{"href":"https:\/\/www.musicadeon.com\/index.php\/wp-json\/wp\/v2\/types\/post"}],"author":[{"embeddable":true,"href":"https:\/\/www.musicadeon.com\/index.php\/wp-json\/wp\/v2\/users\/1"}],"replies":[{"embeddable":true,"href":"https:\/\/www.musicadeon.com\/index.php\/wp-json\/wp\/v2\/comments?post=2305"}],"version-history":[{"count":0,"href":"https:\/\/www.musicadeon.com\/index.php\/wp-json\/wp\/v2\/posts\/2305\/revisions"}],"wp:attachment":[{"href":"https:\/\/www.musicadeon.com\/index.php\/wp-json\/wp\/v2\/media?parent=2305"}],"wp:term":[{"taxonomy":"category","embeddable":true,"href":"https:\/\/www.musicadeon.com\/index.php\/wp-json\/wp\/v2\/categories?post=2305"},{"taxonomy":"post_tag","embeddable":true,"href":"https:\/\/www.musicadeon.com\/index.php\/wp-json\/wp\/v2\/tags?post=2305"}],"curies":[{"name":"wp","href":"https:\/\/api.w.org\/{rel}","templated":true}]}}