{"id":2306,"date":"2006-04-10T02:00:00","date_gmt":"2006-04-10T00:00:00","guid":{"rendered":"http:\/\/www.musicadeon.com\/index.php\/2006\/04\/10\/a-vos-agendas-18-11-2007\/"},"modified":"2006-04-10T02:00:00","modified_gmt":"2006-04-10T00:00:00","slug":"a-vos-agendas-18-11-2007","status":"publish","type":"post","link":"https:\/\/www.musicadeon.com\/index.php\/2006\/04\/10\/a-vos-agendas-18-11-2007\/","title":{"rendered":"\u00c0 vos agendas (18-11-2007)"},"content":{"rendered":"<p>Le Dimanche 18 Novembre Th\u00e9 dansant au \u00ab\u00a0Centre Culturel Ren\u00e9 Magritte\u00a0\u00bb \u00e0 Lessines (Belgique) avec la princesse de l&rsquo;accord\u00e9on <a href=\"http:\/\/www.erika.be\" target=\"_blank\" rel=\"noopener noreferrer\">Erika<\/a> d\u00e9s 14h Info: 0032(0)475.20.58.04<\/p>\n","protected":false},"excerpt":{"rendered":"<p>Le Dimanche 18 Novembre Th\u00e9 dansant au \u00ab\u00a0Centre Culturel Ren\u00e9 Magritte\u00a0\u00bb \u00e0 Lessines (Belgique) avec la princesse de l&rsquo;accord\u00e9on Erika d\u00e9s 14h Info: 0032(0)475.20.58.04<\/p>\n","protected":false},"author":1,"featured_media":0,"comment_status":"closed","ping_status":"open","sticky":false,"template":"","format":"standard","meta":[],"categories":[1],"tags":[],"_links":{"self":[{"href":"https:\/\/www.musicadeon.com\/index.php\/wp-json\/wp\/v2\/posts\/2306"}],"collection":[{"href":"https:\/\/www.musicadeon.com\/index.php\/wp-json\/wp\/v2\/posts"}],"about":[{"href":"https:\/\/www.musicadeon.com\/index.php\/wp-json\/wp\/v2\/types\/post"}],"author":[{"embeddable":true,"href":"https:\/\/www.musicadeon.com\/index.php\/wp-json\/wp\/v2\/users\/1"}],"replies":[{"embeddable":true,"href":"https:\/\/www.musicadeon.com\/index.php\/wp-json\/wp\/v2\/comments?post=2306"}],"version-history":[{"count":0,"href":"https:\/\/www.musicadeon.com\/index.php\/wp-json\/wp\/v2\/posts\/2306\/revisions"}],"wp:attachment":[{"href":"https:\/\/www.musicadeon.com\/index.php\/wp-json\/wp\/v2\/media?parent=2306"}],"wp:term":[{"taxonomy":"category","embeddable":true,"href":"https:\/\/www.musicadeon.com\/index.php\/wp-json\/wp\/v2\/categories?post=2306"},{"taxonomy":"post_tag","embeddable":true,"href":"https:\/\/www.musicadeon.com\/index.php\/wp-json\/wp\/v2\/tags?post=2306"}],"curies":[{"name":"wp","href":"https:\/\/api.w.org\/{rel}","templated":true}]}}