{"id":2307,"date":"2006-04-15T02:00:00","date_gmt":"2006-04-15T00:00:00","guid":{"rendered":"http:\/\/www.musicadeon.com\/index.php\/2006\/04\/15\/tete-a-tete-avec-etienne-nicaise-echevin-de-la-culture-de-profondeville-a-radio-musicadeon-lesves-belgique\/"},"modified":"2006-04-15T02:00:00","modified_gmt":"2006-04-15T00:00:00","slug":"tete-a-tete-avec-etienne-nicaise-echevin-de-la-culture-de-profondeville-a-radio-musicadeon-lesves-belgique","status":"publish","type":"post","link":"https:\/\/www.musicadeon.com\/index.php\/2006\/04\/15\/tete-a-tete-avec-etienne-nicaise-echevin-de-la-culture-de-profondeville-a-radio-musicadeon-lesves-belgique\/","title":{"rendered":"T\u00eate-\u00e0-t\u00eate avec ETIENNE NICAISE Echevin de la culture de Profondeville \u00e0 Radio Musicad\u00e9on Lesves (Belgique)"},"content":{"rendered":"<p><P align=center><IMG src=\"\/A\/N\/D\/etiennenicaise1sptja20060419.jpg\"> <TABLE id=INCREDIMAINTABLE cellSpacing=0 cellPadding=2 width=\"100%\" border=0><TBODY><TR><TD id=INCREDITEXTREGION style=\"PADDING-RIGHT:0px;PADDING-LEFT:0px;FONT-SIZE:14pt;PADDING-BOTTOM:0px;PADDING-TOP:0px\" vAlign=top width=\"100%\"><DIV><P class=\"margin:0cm 0cm 0pt\"><SPAN><FONT face=\"Times New Roman\" color=#000 size=4><b><i><\/i><\/b><\/FONT><\/SPAN><\/P><H1 style=\"margin:0cm 0cm 0pt\"><SPAN style=\"FONT-SIZE:14pt;\"><FONT color=#000><FONT face=\"Times New Roman\"><FONT size=4><i><SPAN><FONT face=\"Times New Roman\" color=#000>Reportage t\u00eate-\u00e0-t\u00eate<SPAN style=\"\"> <\/SPAN>avec l\u2019Echevin de la culture, du patrimoine, de l\u2019urbanisme et de l\u2019am\u00e9nagement du territoire.<\/FONT><\/SPAN><\/i><\/FONT><\/FONT><\/FONT><\/SPAN><\/H1><H1 style=\"margin:0cm 0cm 0pt\"><SPAN style=\"FONT-SIZE:14pt;\"><FONT color=#000><FONT face=\"Times New Roman\"><FONT size=4><i><U><SPAN><FONT face=\"Times New Roman\" color=#000>Po<\/FONT><\/SPAN>rtrait<\/U> : Etienne Nicaise:<\/i><\/FONT><\/FONT><\/FONT><\/SPAN><\/H1><H1 style=\"margin:0cm 0cm 0pt\"><SPAN style=\"FONT-SIZE:14pt;\"><FONT color=#000><FONT face=\"Times New Roman\"><FONT size=4><i>Echevin de la culture de Profondeville.<\/i><\/FONT><\/FONT><\/FONT><\/SPAN><\/H1><H1 style=\"margin:0cm 0cm 0pt\"><SPAN style=\"FONT-SIZE:14pt;\"><FONT color=#000><FONT face=\"Times New Roman\"><FONT size=4><i>Mari\u00e9 p\u00e8re de deux gar&ccedil;ons de 24 et 21 ans qui se sont tous deux orient\u00e9s vers <\/i><\/FONT><\/FONT><\/FONT><\/SPAN><\/H1><H1 style=\"margin:0cm 0cm 0pt\"><SPAN style=\"FONT-SIZE:14pt;\"><\/SPAN><SPAN style=\"FONT-SIZE:14pt;\"><FONT color=#000><FONT face=\"Times New Roman\"><FONT size=4><i>l\u2019\u00e9ducation physique.<\/p>\n<p><\/i><\/FONT><\/FONT><\/FONT><\/SPAN><\/H1><H1 style=\"margin:0cm 0cm 0pt\"><SPAN style=\"FONT-SIZE:14pt;\"><FONT color=#000><FONT face=\"Times New Roman\"><FONT size=4><i>Egalement l\u2019heureux papa d\u2019une belle jeune fille pr\u00e9nomm\u00e9e Sophie actuellement en fin<\/p>\n<p><\/i><\/FONT><\/FONT><\/FONT><\/SPAN><\/H1><P class=\"margin:0cm 0cm 0pt\"><SPAN><FONT face=\"Times New Roman\" color=#000 size=4><b><i>de r\u00e8tho, et qui entamera l\u2019an prochain un marathon \u00e0 l\u2019\u00e9cole Solvay de l\u2019ULB; elle veut<\/i><\/b><\/FONT><\/SPAN><\/P><P class=\"margin:0cm 0cm 0pt\"><SPAN><FONT face=\"Times New Roman\" color=#000 size=4><b><i>devenir ing\u00e9nieur en gestion.<\/i><\/b><\/FONT><\/SPAN><\/P><P class=\"margin:0cm 0cm 0pt\"><SPAN><FONT face=\"Times New Roman\" color=#000 size=4><b><i>Si notre homme se montre tr\u00e8s fier de sa famille, il conna\u00eet sa mati\u00e8re sur le bout des doigts et c\u2019est en homme \u00e9rudit qu\u2019il va nous parler de son r\u00f4le dans la commune. <\/i><\/b><\/FONT><\/SPAN><\/P><P class=\"margin:0cm 0cm 0pt\"><SPAN style=\"\"><FONT color=#000><FONT face=\"Times New Roman\"><b><FONT size=4><i>A la question qu\u2019est-ce qu\u2019un \u00e9chevin de la culture repr\u00e9sente pour Profondeville ?<\/p>\n<p><\/i><\/FONT><\/b><\/FONT><\/FONT><\/SPAN><\/P><P class=\"margin:0cm 0cm 0pt\"><SPAN><b><FONT face=\"Times New Roman\" color=#000 size=4><i>Monsieur Nicaise, s\u2019il n\u2019\u00e9lude pas la question nous r\u00e9v\u00e8le que dans ces attributions scabinales, ce r\u00f4le est le moins important<SPAN style=\"\"> <\/SPAN>et qu\u2019en six ans d\u2019\u00e9chevinat, et \u00e0 force de combats et de joutes oratoires, le budget de la culture \u00e0 \u00e9t\u00e9 multipli\u00e9 par 15; un exploit pour une commune ayant un historique plus ax\u00e9 sur le tourisme que la culture.<\/i><\/FONT><\/b><\/SPAN><\/P><\/DIV><\/TD><\/TR><\/TBODY><\/TABLE><\/P><P align=center><IMG src=\"\/A\/N\/D\/etiennenicaise2sptja20060419.jpg\"> <\/P><P class=\"margin:0cm 0cm 0pt\"><SPAN><b><FONT face=\"Times New Roman\" color=#000 size=4><i>L\u2019essentiel du d\u00e9bat entre l\u2019Echevin et notre reporter s\u2019orienta rapidement vers les attributions principales de notre \u00e9chevin.<\/i><\/FONT><\/b><\/SPAN><\/P><P class=\"margin:0cm 0cm 0pt\"><SPAN><b><FONT face=\"Times New Roman\" color=#000 size=4><i>Mon \u00e9chevinat principal c\u2019est l\u2019am\u00e9nagement du territoire, l\u2019urbanisme et la gestion du patrimoine; en homme passionn\u00e9, il nous explique que l\u2019am\u00e9nagement du territoire et l\u2019urbanisme sont intimement li\u00e9s et r\u00e9gis par un code Wallon \u00ab&nbsp;le Quatuple&nbsp;\u00bb et que ce code est appliqu\u00e9 avec les m\u00eames r\u00e8gles \u00e0 toutes les communes de Wallonie et qu\u2019\u00e0 c\u00f4t\u00e9 du quatuple, il y a les prescriptions qui sont li\u00e9es \u00e0 la situation du terrain de son sous-sol en des zones typiques de la commune.<\/i><\/FONT><\/b><\/SPAN><\/P><P class=\"margin:0cm 0cm 0pt\"><SPAN><b><FONT face=\"Times New Roman\" color=#000 size=4><i>Il nous apprend entre autre, que la commune a des zones prot\u00e9g\u00e9es par exemple, le centre historique et typique de Profondeville ou le village de Arbre, qui entre dans la r\u00e9glementation du RGBSR \u00ab\u00a0r\u00e8glement g\u00e9n\u00e9ral des b\u00e2tisses en zones rurales\u00a0\u00bb. <\/i><\/FONT><\/b><\/SPAN><\/P><P align=center><IMG src=\"\/A\/N\/D\/etiennenicaise3sptja20060419.jpg\"> <\/P><P class=\"margin:0cm 0cm 0pt\"><SPAN><b><FONT face=\"Times New Roman\" color=#000 size=4><i>La difficult\u00e9 du poste, l\u00e0 encore, l\u2019homme de Arbre ne la diminue pas non plus, il en parle honn\u00eatement, les contestations et lev\u00e9es de boucliers des diff\u00e9rents mouvements de quartiers ou la cr\u00e9ation de groupes de pression, sont n\u00e9s pour contrer des projets d\u2019utilit\u00e9s publiques ou priv\u00e9es.<\/i><\/FONT><\/b><\/SPAN><\/P><P class=\"margin:0cm 0cm 0pt\"><SPAN><b><FONT face=\"Times New Roman\" color=#000 size=4><i>Ils les expliquent en disant que l\u2019on assiste \u00e0 un changement de mentalit\u00e9 profonde, du \u00e0 la rapidit\u00e9 de l\u2019information et de son<SPAN style=\"\"> <\/SPAN>acc\u00e8s facile \u00e0 Internet,<SPAN style=\"\"> <\/SPAN>TV, radios. Je ne vais pas dire que tout d\u00e9range, mais je constate qu\u2019on vit dans un monde de plus en plus \u00e9go\u00efste ; \u2026. Et la difficult\u00e9 pour un mandataire politique est de diff\u00e9rencier les aspects purement priv\u00e9s de ce qui est d\u2019utilit\u00e9s publiques.<\/i><\/FONT><\/b><\/SPAN><\/P><P class=\"margin:0cm 0cm 0pt\"><SPAN><b><FONT face=\"Times New Roman\" color=#000 size=4><i>Je comprend les inqui\u00e9tudes des voisins et riverains imm\u00e9diats; oui, humainement je comprends, mais un mandataire politique, a le devoir d\u2019accommoder les d\u00e9sid\u00e9ratas de tous<SPAN style=\"\"> <\/SPAN>quand c\u2019est possible. Son r\u00f4le est, avant<SPAN style=\"\"> <\/SPAN>tout, d\u2019assumer<SPAN style=\"\"> <\/SPAN>le mandat qui lui a \u00e9t\u00e9 confi\u00e9 m\u00eame si pour cela il est contraint de prendre une d\u00e9cision impopulaire aux yeux de certains. <\/i><\/FONT><\/b><\/SPAN><\/P><P class=\"margin:0cm 0cm 0pt\"><SPAN><b><FONT face=\"Times New Roman\" color=#000 size=4><i>Afin de r\u00e9aliser et de favoriser<SPAN style=\"\"> <\/SPAN>un projet d\u2019utilit\u00e9 publique, l<\/i><\/FONT><\/b><\/SPAN><SPAN><b><FONT face=\"Times New Roman\" color=#000 size=4><i>\u2019ensemble des habitants ne peut se trouver pi\u00e9g\u00e9 et<SPAN style=\"\"> <\/SPAN>otage de groupements minoritaires.<\/i><\/FONT><\/b><\/SPAN><\/P><P align=center><IMG src=\"\/A\/N\/D\/etiennenicaise4sptja20060419.jpg\"> <\/P><P class=\"margin:0cm 0cm 0pt\"><SPAN><b><FONT face=\"Times New Roman\" color=#000 size=4><i>La prochaine d\u00e9cennie verra une grande \u00e9tude urbanistique et environnementale \u00e0 Profondeville, majorit\u00e9 et minorit\u00e9 confondues, nous avons command\u00e9<SPAN style=\"\"> <\/SPAN>une \u00e9tude de sch\u00e9ma urbanistique pour l\u2019entit\u00e9 \u00e0 un bureau agr\u00e9\u00e9 par la r\u00e9gion wallonne. De cette \u00e9tude vont jaillir les prochaines r\u00e8gles et lois urbanistiques de la commune. <\/i><\/FONT><\/b><\/SPAN><SPAN><b><FONT face=\"Times New Roman\" color=#000 size=4><i>Parlant du patrimoine de la commune, l\u2019\u00e9chevin toujours aussi loquace nous explique son r\u00f4le tr\u00e8s important. Il nous confirme<SPAN style=\"\"> <\/SPAN>par ailleurs la prochaine mise en vente du presbyt\u00e8re de Lesve inoccup\u00e9 depuis peu<SPAN style=\"\"> <\/SPAN>et l\u2019ambition non camoufl\u00e9e de la commune d\u2019investir ses deniers dans les locaux de \u00ab\u00a0l\u2019ex Lyc\u00e9e de l\u2019Etat\u00a0\u00bb abandonn\u00e9 depuis quelques ann\u00e9es par les minist\u00e8res concern\u00e9s. A la question du Vilain qui aurait aim\u00e9 conna\u00eetre le sentiment de la majorit\u00e9 \u00e0 propos de cet abandon, l\u2019\u00e9chevin s&rsquo;en tirera d\u2019une pirouette sous le regard amus\u00e9 de notre reporter. Claude \u00e0 fond dans son vice \u00e9voque la future destination des locaux occup\u00e9s par la banque Fortis . L\u00e0, je puis difficilement vous r\u00e9pondre, il s\u2019agit bien de locaux communaux mais ils ne font pas partie de notre attribution. Le b\u00e2timent et ces d\u00e9pendances sont sous la responsabilit\u00e9 du CPAS qui en est propri\u00e9taire; il sera sans doute r\u00e9am\u00e9nag\u00e9, vous savez que le CPAS est autonome et assure sa gestion, mais je crois qu\u2019une salle situ\u00e9e \u00e0 l\u2019arri\u00e8re du b\u00e2timent va devenir une salle de r\u00e9ception \u00e0 destination des soci\u00e9t\u00e9s locales demanderesses. Elle pourrait une fois r\u00e9habilit\u00e9e, permettre d\u2019asseoir entre 60 et 80 soci\u00e9taires. Bois deVillers n\u2019ayant pas de salle communale<SPAN style=\"\"> <\/SPAN>\u00e0 destination du public, elle sera la bienvenue.<\/i><\/FONT><\/b><\/SPAN><\/P><P class=\"margin:0cm 0cm 0pt\"><SPAN><b><FONT color=#000><FONT face=\"Times New Roman\"><FONT size=4><i>Le Claude fini ce reportage l\u00e0 o&ugrave; il a d\u00e9but\u00e9 sur la culture et l\u00e0, une nouvelle fois, Etienne Nicaise avec force et d\u00e9tails nous parle d\u2019une de ses passions: le culturel \u00e0 Profondeville, ce joyau n\u00e9 en bordure de Meuse.<SPAN style=\"\"> <\/SPAN><\/i><\/FONT><\/FONT><\/FONT><\/b><\/SPAN><\/P><P align=center><IMG src=\"\/A\/N\/D\/etiennenicaise5sptja20060419.jpg\"><\/P><P align=center><SPAN><b><FONT face=\"Times New Roman\" color=#000 size=5><i><FONT size=4>Art&rsquo;bre est en f\u00eate le 1<SUP>er<\/SUP> dimanche de juillet,ce qui devient l\u2019\u00e9v\u00e9nement culturel le plus important de la commune et il nous dit que la commune n\u2019est pas peu fi\u00e8re de cette organisation qui draine suivant le temps de 10000 \u00e0 15000 visiteurs. Cette organisation est n\u00e9e en 1995 et il en est le pr\u00e9sident.<\/FONT><\/P><P class=\"margin:0cm 0cm 0pt\"><SPAN><b><FONT face=\"Times New Roman\" color=#000 size=4>L\u2019Echevin Etienne Nicaise termine son tour d\u2019horizon culturel de Profondeville sur le \u00ab\u00a0week-end bienvenue\u00a0\u00bb. Vous \u00eates les ambassadeurs de la commune le jour o&ugrave; vous pouvez faire conna\u00eetre vos talents. Peintres, collectionneurs, artisans, votre savoir-faire<SPAN style=\"\"> <\/SPAN>associ\u00e9 aux nombreuses possibilit\u00e9s touristiques de la commune, votre renomm\u00e9e<SPAN style=\"\"> <\/SPAN>et le nom de la commune vont franchir une \u00e9tape: celle qui dit \u00ab\u00a0qu\u2019il fait bon de vivre\u00a0\u00bb dans la commune de Profondeville.<SPAN style=\"\"> L<\/SPAN>a conclusion: oui, ce week-end de portes ouvertes a lieu en p\u00e9riode \u00e9lectorale, mais sachez qu\u2019\u00e0 Profondeville tant majorit\u00e9 que minorit\u00e9, nous sommes tous au service de la communaut\u00e9 et dans ces p\u00e9riodes les uns comme les autres, nous laissons la politique<SPAN style=\"\"> <\/SPAN>de c\u00f4t\u00e9 pour assurer la repr\u00e9sentation de la communaut\u00e9 dans son ensemble.<\/FONT><\/b><\/SPAN><\/P><P class=\"margin:0cm 0cm 0pt\"><SPAN><b><FONT face=\"Times New Roman\" color=#000 size=4>L\u2019\u00e9chevin saisi l\u2019occasion qui lui est offerte pour dire son plein contentement \u00e0 une participation<SPAN style=\"\"> <\/SPAN>plus grande des femmes \u00e0 la gestion communale.<\/FONT><\/b><\/SPAN><\/P><P class=\"margin:0cm 0cm 0pt\"><SPAN><FONT size=4>Quand nous lui parlons de Radio Musicad\u00e9on, il nous r\u00e9pond ceci: bon m\u00e9dia pour l&rsquo;entit\u00e9, Internet tr\u00e8s int\u00e9ressant pour tous ainsi que lien possible entre notre m\u00e9dia et la commune.<\/FONT><\/SPAN><\/i><FONT size=4> <\/FONT><\/FONT><\/b><\/SPAN><\/P><P align=center><IMG src=\"\/A\/N\/D\/etiennenicaise6sptja20060419.jpg\"> <\/P><P class=\"margin:0cm 0cm 6pt 14.15pt\"><B style=\"\"><SPAN style=\"\"><FONT face=\"Times New Roman\"><i><FONT size=5><FONT color=#c00><U>GB<SPAN style=\"\"> <\/SPAN>r\u00e9dacteur et Editeur.<\/U><SPAN style=\"\"> <\/SPAN><\/p>\n<p><\/FONT><\/FONT><\/i><\/FONT><\/SPAN><\/B><\/P><P class=\"margin:0cm 0cm 0pt\"><SPAN><b><FONT color=#000><FONT face=\"Times New Roman\"><FONT size=4><i>Je vous invite \u00e0<SPAN style=\"\"> <\/SPAN>\u00e9couter Vilain qui encore une fois m\u2019\u00e9tonne; a-t-il mal pr\u00e9par\u00e9 ce reportage; b\u00e9gaiements, h\u00e9sitations, il cite le mus\u00e9e Gr\u00e9vin en lieu et place du Louvre <SPAN><b><FONT face=\"Times New Roman\" color=#000 size=4><i>dans une de ces <\/i><\/FONT><\/b><\/SPAN><\/i><\/FONT><\/FONT><\/FONT><\/b><\/SPAN><\/P><P class=\"margin:0cm 0cm 0pt\"><SPAN><b><FONT face=\"Times New Roman\" color=#000 size=4><i>citations \u00e0 l\u2019emporte pi\u00e8ces.<SPAN style=\"\"> <\/SPAN>Un doute m\u2019envahi, est-il devenu sage, j&rsquo;en doute, car il a laiss\u00e9 50 minutes \u00e0 notre invit\u00e9 \u00ab\u00a0intonation de voix ferme\u00a0\u00bb qui expliquera en d\u00e9tails son combat pour le culturel<SPAN style=\"\"> <\/SPAN>et un budget pour sa promotion au sein de l\u2019entit\u00e9. Claude, tu as encore jou\u00e9 ton vilain, on en attendait pas moins, mais aurais-tu des sentiments? Il me semble<SPAN style=\"\"> <\/SPAN>avoir d\u00e9cel\u00e9<SPAN style=\"\"> <\/SPAN>comme du respect<SPAN style=\"\"> <\/SPAN>dans ta voix . Que nous feras-tu la prochaine fois, ou quelle surprise nous pr\u00e9pares-tu ?<\/i><\/FONT><\/b><\/SPAN><\/P><P align=center><b><i><FONT color=#0033ff size=4><\/FONT><\/i><\/b><\/P><P><\/P><P><\/P><\/p>\n","protected":false},"excerpt":{"rendered":"<p>Reportage t\u00eate-\u00e0-t\u00eate avec l\u2019Echevin de la culture, du patrimoine, de l\u2019urbanisme et de l\u2019am\u00e9nagement du territoire.Portrait : Etienne Nicaise:Echevin de la culture de Profondeville.Mari\u00e9 p\u00e8re&#8230;<\/p>\n","protected":false},"author":1,"featured_media":0,"comment_status":"closed","ping_status":"open","sticky":false,"template":"","format":"standard","meta":[],"categories":[3],"tags":[5],"_links":{"self":[{"href":"https:\/\/www.musicadeon.com\/index.php\/wp-json\/wp\/v2\/posts\/2307"}],"collection":[{"href":"https:\/\/www.musicadeon.com\/index.php\/wp-json\/wp\/v2\/posts"}],"about":[{"href":"https:\/\/www.musicadeon.com\/index.php\/wp-json\/wp\/v2\/types\/post"}],"author":[{"embeddable":true,"href":"https:\/\/www.musicadeon.com\/index.php\/wp-json\/wp\/v2\/users\/1"}],"replies":[{"embeddable":true,"href":"https:\/\/www.musicadeon.com\/index.php\/wp-json\/wp\/v2\/comments?post=2307"}],"version-history":[{"count":0,"href":"https:\/\/www.musicadeon.com\/index.php\/wp-json\/wp\/v2\/posts\/2307\/revisions"}],"wp:attachment":[{"href":"https:\/\/www.musicadeon.com\/index.php\/wp-json\/wp\/v2\/media?parent=2307"}],"wp:term":[{"taxonomy":"category","embeddable":true,"href":"https:\/\/www.musicadeon.com\/index.php\/wp-json\/wp\/v2\/categories?post=2307"},{"taxonomy":"post_tag","embeddable":true,"href":"https:\/\/www.musicadeon.com\/index.php\/wp-json\/wp\/v2\/tags?post=2307"}],"curies":[{"name":"wp","href":"https:\/\/api.w.org\/{rel}","templated":true}]}}