{"id":2311,"date":"2006-04-24T02:00:00","date_gmt":"2006-04-24T00:00:00","guid":{"rendered":"http:\/\/www.musicadeon.com\/index.php\/2006\/04\/24\/theatre-wallon-a-soye-floreffe-belgique\/"},"modified":"2006-04-24T02:00:00","modified_gmt":"2006-04-24T00:00:00","slug":"theatre-wallon-a-soye-floreffe-belgique","status":"publish","type":"post","link":"https:\/\/www.musicadeon.com\/index.php\/2006\/04\/24\/theatre-wallon-a-soye-floreffe-belgique\/","title":{"rendered":"Th\u00e9\u00e2tre Wallon \u00e0 Soye Floreffe (Belgique)"},"content":{"rendered":"<p><P align=center><IMG src=\"\/A\/N\/D\/theatrewallon20060430sptja2soye.jpg\"> <\/P><\/p>\n","protected":false},"excerpt":{"rendered":"","protected":false},"author":1,"featured_media":0,"comment_status":"closed","ping_status":"open","sticky":false,"template":"","format":"standard","meta":[],"categories":[3],"tags":[5],"_links":{"self":[{"href":"https:\/\/www.musicadeon.com\/index.php\/wp-json\/wp\/v2\/posts\/2311"}],"collection":[{"href":"https:\/\/www.musicadeon.com\/index.php\/wp-json\/wp\/v2\/posts"}],"about":[{"href":"https:\/\/www.musicadeon.com\/index.php\/wp-json\/wp\/v2\/types\/post"}],"author":[{"embeddable":true,"href":"https:\/\/www.musicadeon.com\/index.php\/wp-json\/wp\/v2\/users\/1"}],"replies":[{"embeddable":true,"href":"https:\/\/www.musicadeon.com\/index.php\/wp-json\/wp\/v2\/comments?post=2311"}],"version-history":[{"count":0,"href":"https:\/\/www.musicadeon.com\/index.php\/wp-json\/wp\/v2\/posts\/2311\/revisions"}],"wp:attachment":[{"href":"https:\/\/www.musicadeon.com\/index.php\/wp-json\/wp\/v2\/media?parent=2311"}],"wp:term":[{"taxonomy":"category","embeddable":true,"href":"https:\/\/www.musicadeon.com\/index.php\/wp-json\/wp\/v2\/categories?post=2311"},{"taxonomy":"post_tag","embeddable":true,"href":"https:\/\/www.musicadeon.com\/index.php\/wp-json\/wp\/v2\/tags?post=2311"}],"curies":[{"name":"wp","href":"https:\/\/api.w.org\/{rel}","templated":true}]}}