{"id":2312,"date":"2006-04-24T02:00:00","date_gmt":"2006-04-24T00:00:00","guid":{"rendered":"http:\/\/www.musicadeon.com\/index.php\/2006\/04\/24\/musique-des-cadets-de-la-marine-a-liege-belgique\/"},"modified":"2006-04-24T02:00:00","modified_gmt":"2006-04-24T00:00:00","slug":"musique-des-cadets-de-la-marine-a-liege-belgique","status":"publish","type":"post","link":"https:\/\/www.musicadeon.com\/index.php\/2006\/04\/24\/musique-des-cadets-de-la-marine-a-liege-belgique\/","title":{"rendered":"Musique des cadets de la Marine \u00e0 Li\u00e8ge (Belgique)"},"content":{"rendered":"<p><DIV><FONT face=Arial size=4><i><b>Le dimanche 7 mai a partir de 14H30<\/b><\/i><\/FONT><\/DIV><DIV><FONT face=Arial size=4><i><b>au th\u00e9\u00e2tre du Trianon<\/b><\/i><\/FONT><\/DIV><DIV><FONT face=Arial size=4><i><b>rue Surlet 4020 Li\u00e8ge<\/b><\/i><\/FONT><\/DIV><DIV><FONT face=Arial><\/FONT><FONT size=4><i><b><\/b><\/i><\/FONT><\/DIV><DIV><FONT face=Arial size=4><i><b>Musique des cadets de la Marine<\/b><\/i><\/FONT><\/DIV><DIV><FONT face=Arial size=4><i><b>avec en vedette humoristique le sosie de Bourvil<\/b><\/i><\/FONT><\/DIV><DIV><FONT face=Arial size=4><i><b>passage de deux fois 20 minutes<\/b><\/i><\/FONT><\/DIV><DIV><FONT face=Arial size=4><A href=\"http:\/\/www.bourvilshow.com\/\"><i><b>http:\/\/www.bourvilshow.com<\/b><\/i><\/A><\/FONT><\/DIV><DIV><FONT face=Arial><\/FONT><FONT size=4><i><b><\/b><\/i><\/FONT><\/DIV><DIV><FONT face=Arial size=4><i><b>J\u00e9r\u00e9mie dit Bourvil<\/b><\/i><\/FONT><\/DIV><\/p>\n","protected":false},"excerpt":{"rendered":"<p>Le dimanche 7 mai a partir de 14H30au th\u00e9\u00e2tre du Trianonrue Surlet 4020 Li\u00e8geMusique des cadets de la Marineavec en vedette humoristique le sosie de&#8230;<\/p>\n","protected":false},"author":1,"featured_media":0,"comment_status":"closed","ping_status":"open","sticky":false,"template":"","format":"standard","meta":[],"categories":[3],"tags":[5],"_links":{"self":[{"href":"https:\/\/www.musicadeon.com\/index.php\/wp-json\/wp\/v2\/posts\/2312"}],"collection":[{"href":"https:\/\/www.musicadeon.com\/index.php\/wp-json\/wp\/v2\/posts"}],"about":[{"href":"https:\/\/www.musicadeon.com\/index.php\/wp-json\/wp\/v2\/types\/post"}],"author":[{"embeddable":true,"href":"https:\/\/www.musicadeon.com\/index.php\/wp-json\/wp\/v2\/users\/1"}],"replies":[{"embeddable":true,"href":"https:\/\/www.musicadeon.com\/index.php\/wp-json\/wp\/v2\/comments?post=2312"}],"version-history":[{"count":0,"href":"https:\/\/www.musicadeon.com\/index.php\/wp-json\/wp\/v2\/posts\/2312\/revisions"}],"wp:attachment":[{"href":"https:\/\/www.musicadeon.com\/index.php\/wp-json\/wp\/v2\/media?parent=2312"}],"wp:term":[{"taxonomy":"category","embeddable":true,"href":"https:\/\/www.musicadeon.com\/index.php\/wp-json\/wp\/v2\/categories?post=2312"},{"taxonomy":"post_tag","embeddable":true,"href":"https:\/\/www.musicadeon.com\/index.php\/wp-json\/wp\/v2\/tags?post=2312"}],"curies":[{"name":"wp","href":"https:\/\/api.w.org\/{rel}","templated":true}]}}