{"id":2314,"date":"2006-04-27T02:00:00","date_gmt":"2006-04-27T00:00:00","guid":{"rendered":"http:\/\/www.musicadeon.com\/index.php\/2006\/04\/27\/15-saxophones-en-folie-a-namur-belgique\/"},"modified":"2006-04-27T02:00:00","modified_gmt":"2006-04-27T00:00:00","slug":"15-saxophones-en-folie-a-namur-belgique","status":"publish","type":"post","link":"https:\/\/www.musicadeon.com\/index.php\/2006\/04\/27\/15-saxophones-en-folie-a-namur-belgique\/","title":{"rendered":"15 saxophones en folie !!! \u00e0 Namur (Belgique)"},"content":{"rendered":"<p><H6 align=center><SPAN lang=FR><FONT color=#ff9900><FONT face=Bazooka><FONT size=7>Sax \u00e0 Fond<\/FONT><\/FONT><\/FONT><\/SPAN><\/H6><H6 align=center><SPAN lang=FR><\/SPAN><SPAN lang=FR style=\"FONT-SIZE:33pt;COLOR:blue;FONT-FAMILY:BODIDLYbold;\">15<\/SPAN><B><SPAN lang=FR style=\"FONT-SIZE:33pt;COLOR:blue;FONT-FAMILY:Bedrock;\"> saxophones en folie !!!<\/SPAN><\/B><\/H6><P style=\"margin:0cm 0cm 0pt;TEXT-ALIGN:center\" align=center><SPAN lang=FR style=\"COLOR:blue\"><\/p>\n<p><\/SPAN><\/P><H3 style=\"margin:0cm 0cm 0pt;TEXT-ALIGN:left\" align=left><SPAN lang=FR style=\"FONT-SIZE:24pt;\"><SPAN style=\"\"><\/SPAN><\/SPAN><FONT size=3><U><SPAN lang=FR style=\"FONT-SIZE:26pt;\">Vendredi 12 mai<\/SPAN><\/U><SPAN lang=FR style=\"FONT-SIZE:24pt;\"><SPAN style=\"\"> <\/SPAN><\/SPAN><SPAN lang=FR style=\"font-weight:normal;FONT-SIZE:24pt;FONT-FAMILY:Bazooka;TEXT-ALIGN:left\" align=left><FONT size=3><SPAN lang=FR><\/SPAN><\/FONT><FONT size=3><SPAN lang=FR>Soir\u00e9e festive le d\u00e8s 22h00 au<SPAN style=\"\"> <\/SPAN>\u00ab&nbsp;<\/SPAN><SPAN lang=FR style=\"FONT-SIZE:22pt;COLOR:#99cc00;\">Piano Bar<\/SPAN><SPAN lang=FR style=\"FONT-SIZE:22pt;\">&nbsp;\u00bb<\/SPAN><\/FONT><\/H3><H3 style=\"margin:0cm 0cm 0pt;TEXT-ALIGN:left\" align=left><FONT size=3><SPAN lang=FR style=\"FONT-SIZE:22pt;\"><\/SPAN><\/FONT><B><SPAN lang=FR style=\"FONT-SIZE:18pt;\"><FONT size=3>Place March\u00e9 aux l\u00e9gumes <\/FONT><\/SPAN><\/B><\/H3><H3 style=\"margin:0cm 0cm 0pt;TEXT-ALIGN:left\" align=left><B><SPAN lang=FR style=\"FONT-SIZE:18pt;\"><\/SPAN><\/B><FONT size=3><B><SPAN lang=FR style=\"FONT-SIZE:18pt;\">L\u2019orchestre <\/SPAN><SPAN lang=FR style=\"FONT-SIZE:18pt;BACKGROUND:yellow;COLOR:blue;FONT-FAMILY:Bodacious;\">MACADAM&rsquo;S<\/SPAN><\/B><\/FONT><B><SPAN lang=FR style=\"FONT-SIZE:18pt;\"><FONT size=3> poursuivra la soir\u00e9e !!<SPAN style=\"\"> <\/SPAN>(Entr\u00e9e gratuite<\/FONT>)<\/p>\n<p><\/SPAN><\/B><\/H3><\/p>\n","protected":false},"excerpt":{"rendered":"<p>Sax \u00e0 Fond15 saxophones en folie !!! Vendredi 12 mai Soir\u00e9e festive le d\u00e8s 22h00 au \u00ab&nbsp;Piano Bar&nbsp;\u00bbPlace March\u00e9 aux l\u00e9gumes L\u2019orchestre MACADAM&rsquo;S poursuivra la&#8230;<\/p>\n","protected":false},"author":1,"featured_media":0,"comment_status":"closed","ping_status":"open","sticky":false,"template":"","format":"standard","meta":[],"categories":[3],"tags":[5],"_links":{"self":[{"href":"https:\/\/www.musicadeon.com\/index.php\/wp-json\/wp\/v2\/posts\/2314"}],"collection":[{"href":"https:\/\/www.musicadeon.com\/index.php\/wp-json\/wp\/v2\/posts"}],"about":[{"href":"https:\/\/www.musicadeon.com\/index.php\/wp-json\/wp\/v2\/types\/post"}],"author":[{"embeddable":true,"href":"https:\/\/www.musicadeon.com\/index.php\/wp-json\/wp\/v2\/users\/1"}],"replies":[{"embeddable":true,"href":"https:\/\/www.musicadeon.com\/index.php\/wp-json\/wp\/v2\/comments?post=2314"}],"version-history":[{"count":0,"href":"https:\/\/www.musicadeon.com\/index.php\/wp-json\/wp\/v2\/posts\/2314\/revisions"}],"wp:attachment":[{"href":"https:\/\/www.musicadeon.com\/index.php\/wp-json\/wp\/v2\/media?parent=2314"}],"wp:term":[{"taxonomy":"category","embeddable":true,"href":"https:\/\/www.musicadeon.com\/index.php\/wp-json\/wp\/v2\/categories?post=2314"},{"taxonomy":"post_tag","embeddable":true,"href":"https:\/\/www.musicadeon.com\/index.php\/wp-json\/wp\/v2\/tags?post=2314"}],"curies":[{"name":"wp","href":"https:\/\/api.w.org\/{rel}","templated":true}]}}