{"id":2319,"date":"2006-04-29T02:00:00","date_gmt":"2006-04-29T00:00:00","guid":{"rendered":"http:\/\/www.musicadeon.com\/index.php\/2006\/04\/29\/jour-j-de-linauguration-de-radio-musicadeon-a-moustier-sur-sambre-belgique\/"},"modified":"2006-04-29T02:00:00","modified_gmt":"2006-04-29T00:00:00","slug":"jour-j-de-linauguration-de-radio-musicadeon-a-moustier-sur-sambre-belgique","status":"publish","type":"post","link":"https:\/\/www.musicadeon.com\/index.php\/2006\/04\/29\/jour-j-de-linauguration-de-radio-musicadeon-a-moustier-sur-sambre-belgique\/","title":{"rendered":"Jour \u00a0\u00bbJ\u00a0\u00bb de l&rsquo;inauguration de \u00a0\u00bbRadio musicad\u00e9on\u00a0\u00bb \u00e0 Moustier-sur-Sambre (Belgique)"},"content":{"rendered":"<p><P align=center><IMG src=\"\/A\/N\/D\/inauguration1radio8musicadeon20060430.jpg\"> <\/P><P align=center><IMG src=\"\/A\/N\/D\/inauguration2radio8musicadeon20060430.jpg\"> <\/P><P align=center><IMG src=\"\/A\/N\/D\/inauguration3radio8musicadeon20060430.jpg\"> <\/P><P align=center><I><FONT color=#000 size=4>Sachez d\u00e9j\u00e0 que nos amis les artistes ainsi qu&rsquo;un public extraordinaire<\/FONT><\/I><\/P><P align=center><I><FONT size=4>ont ensemble \u00ab\u00a0mis le feu\u00a0\u00bb pour f\u00eater l&rsquo;inauguration de \u00ab\u00a0<B><U>RADIO MUSICADEON\u00a0\u00bb<\/U><\/B><\/FONT><\/I><\/P><P align=center><B><I><U><FONT size=4><\/FONT><\/U><\/I><\/B><I><FONT size=4><\/P><P align=center><IMG src=\"\/A\/N\/D\/inauguration4radio8musicadeon20060430.jpg\"> <\/P><P align=center>Et tout de suite, le discours de Madame la Pr\u00e9sidente.<\/P><P align=center><IMG src=\"\/A\/N\/D\/inauguration5radio8musicadeon20060430.jpg\"> <\/P><P align=center><SPAN><B><I><FONT size=4><FONT color=#330000>Messieurs les Bourgmestre, \u00e9chevins, conseillers, amis, collaborateurs, radios, journalistes, vous public, \u00e0 tous merci de votre pr\u00e9sence.<\/FONT><\/FONT><\/I><\/B><\/SPAN><\/P><P><FONT face=\"Times New Roman\"><SPAN style=\"font-weight:bold;FONT-SIZE:16pt;font-style:italic;\"><FONT size=3><FONT color=#003300>Je voudrais en quelques mots, vous expliquer notre raison d\u2019\u00eatre et ainsi vous d\u00e9montrer pourquoi une \u00e9quipe de b\u00e9n\u00e9voles se d\u00e9voue 365 jours par an.<\/p>\n<p><\/FONT><\/FONT><\/SPAN><\/FONT><\/P><P><B style=\"\"><I style=\"\"><FONT face=\"Times New Roman\"><SPAN style=\"font-weight:bold;FONT-SIZE:16pt;font-style:italic;\"><FONT size=3><FONT color=#003300>En 1998, est n\u00e9e l\u2019id\u00e9e de promouvoir certains talents. D\u2019o&ugrave; la cr\u00e9ation de L\u2019<SPAN class=SpellE>asbl<\/SPAN> <\/p>\n<p><\/FONT><\/FONT><\/SPAN><\/FONT><\/I><\/B><\/P><P><B style=\"\"><I style=\"\"><FONT face=\"Times New Roman\"><SPAN style=\"font-weight:bold;FONT-SIZE:16pt;font-style:italic;\"><FONT size=3><FONT color=#003300>S.P.T.J.A. Pour ceux qui ne connaissent pas encore notre association, voil\u00e0 la signification de ces 5 grandes lettres : Soci\u00e9t\u00e9 de Promotion de Talents de Jeunes Artistes.<\/p>\n<p><\/FONT><\/FONT><\/SPAN><\/FONT><\/I><\/B><\/P><P><B style=\"\"><I style=\"\"><FONT face=\"Times New Roman\"><SPAN style=\"font-weight:bold;FONT-SIZE:16pt;font-style:italic;\"><FONT size=3><FONT color=#003300>Sachant que cette <SPAN class=SpellE>asbl<\/SPAN> ne re&ccedil;oit aucun subside, elle ne doit son existence et son progr\u00e8s qu\u2019au Travail effectu\u00e9 par tous durant toute l\u2019ann\u00e9e.<\/p>\n<p><\/FONT><\/FONT><\/SPAN><\/FONT><\/I><\/B><\/P><P><B style=\"\"><I style=\"\"><FONT face=\"Times New Roman\"><SPAN style=\"font-weight:bold;FONT-SIZE:16pt;font-style:italic;\"><FONT size=3><FONT color=#003300>Pour ce faire, de nombreuses activit\u00e9s vous sont r\u00e9guli\u00e8rement propos\u00e9es telles que D\u00eeners dansants, tirs aux <SPAN class=SpellE>clays<\/SPAN>, balle pelote sur herbe, pour n\u2019en citer que quelques unes, mais la plus importante de toutes est bien le \u00ab&nbsp;festival namurois de l\u2019accord\u00e9on&nbsp;\u00bb qui se d\u00e9roule depuis plus de 8 ans \u00e0 l\u2019abbaye de <SPAN class=SpellE>Floreffe<\/SPAN> \u00ab&nbsp;merveilleux tremplin pour les jeunes espoirs&nbsp;\u00bb.<\/p>\n<p><\/FONT><\/FONT><\/SPAN><\/FONT><\/I><\/B><\/P><P><B style=\"\"><I style=\"\"><FONT face=\"Times New Roman\" color=#003300><SPAN style=\"font-weight:bold;FONT-SIZE:16pt;font-style:italic;\"><\/p>\n<p><\/SPAN><\/FONT><\/I><\/B><\/P><P><B style=\"\"><I style=\"\"><FONT face=\"Times New Roman\"><SPAN style=\"font-weight:bold;FONT-SIZE:16pt;font-style:italic;\"><FONT size=3><FONT color=#003300>En 2003, les id\u00e9es ne manquant pas, un journal num\u00e9rique voit le jour \u00ab&nbsp;<SPAN class=SpellE>Musicadeon<\/SPAN>. Com&nbsp;\u00bb. D\u2019un coup, les questions <SPAN style=\"\"><\/SPAN>fusent ; \u00e0 savoir pourquoi une <SPAN class=SpellE>asbl<\/SPAN> de promotion ???Parce que, en Belgique, les jeunes espoirs ont besoin de nous car dans notre si charmant petit pays, il n\u2019existe aucune <SPAN class=SpellE>intitution<\/SPAN> visant \u00e0 aider les artistes jeunes ou moins jeunes. De ce fait, la plupart d\u2019<SPAN class=SpellE>entr\u2019eux<\/SPAN> doivent s\u2019expatrier pour faire \u00e9voluer leur talent.<\/p>\n<p><\/FONT><\/FONT><\/SPAN><\/FONT><\/I><\/B><\/P><P><B style=\"\"><I style=\"\"><FONT face=\"Times New Roman\" color=#003300><SPAN style=\"font-weight:bold;FONT-SIZE:16pt;font-style:italic;\"><\/p>\n<p><\/SPAN><\/FONT><\/I><\/B><\/P><P><B style=\"\"><I style=\"\"><FONT face=\"Times New Roman\"><SPAN style=\"font-weight:bold;FONT-SIZE:16pt;font-style:italic;\"><FONT size=3><FONT color=#003300>Le 20 ao\u00fbt 2005, surgit un projet fou mais grandiose : une radio num\u00e9rique sur le web. L\u2019id\u00e9e <SPAN class=GramE>m\u00fbrit ,<\/SPAN> le projet se concr\u00e9tise pour en arriver aux premiers essais en d\u00e9cembre de la m\u00eame ann\u00e9e. P\u00e9riode d\u2019essai officielle jusqu\u2019\u00e0 aujourd\u2019hui o&ugrave; nous avons le grand honneur de vous annoncer l\u2019inauguration officielle de \u00ab&nbsp;RADIO MUSICADEON&nbsp;\u00bb<\/p>\n<p><\/FONT><\/FONT><\/SPAN><\/FONT><\/I><\/B><\/P><P><B style=\"\"><I style=\"\"><FONT face=\"Times New Roman\" color=#003300><SPAN style=\"font-weight:bold;FONT-SIZE:16pt;font-style:italic;\"><\/p>\n<p><\/SPAN><\/FONT><\/I><\/B><\/P><P><B style=\"\"><I style=\"\"><FONT face=\"Times New Roman\"><SPAN style=\"font-weight:bold;FONT-SIZE:16pt;font-style:italic;\"><FONT color=#003300 size=3>Cette radio a toujours pour but de promouvoir tous les artistes mais \u00e9galement de vous <\/FONT><\/SPAN><\/FONT><\/I><\/B><FONT color=#003300><FONT size=2><B style=\"\"><I style=\"\"><SPAN style=\"font-weight:bold;FONT-SIZE:16pt;font-style:italic;\"><FONT size=3>informer sur<\/FONT> <FONT size=3>nos activit\u00e9s ainsi que celle des artistes de toutes confessions.<\/p>\n<p><\/FONT><\/SPAN><\/I><\/B><\/FONT><\/FONT><\/P><P><B style=\"\"><I style=\"\"><FONT face=\"Times New Roman\"><SPAN style=\"font-weight:bold;FONT-SIZE:16pt;font-style:italic;\"><FONT size=3><FONT color=#003300>Dans un but d\u2019am\u00e9lioration constante, nous vous saurions gr\u00e9 de nous faire conna\u00eetre tous vos griefs et suggestions. Vous \u00eates tous les bienvenus sur nos sites<\/p>\n<p><\/FONT><\/FONT><\/SPAN><\/FONT><\/I><\/B><\/P><P><B style=\"\"><I style=\"\"><FONT face=\"Times New Roman\"><SPAN style=\"font-weight:bold;FONT-SIZE:16pt;font-style:italic;\"><A href=\"http:\/\/www.sptja.com\/\"><FONT color=#003300 size=3>WWW.SPTJA.COM<\/FONT><\/A><FONT size=3><FONT color=#003300><SPAN style=\"\"> <\/SPAN>ou <\/FONT><\/FONT><A href=\"http:\/\/www.musicadeon.com\/\"><FONT color=#003300 size=3>WWW.MUSICADEON.COM<\/FONT><\/A><FONT size=3><FONT color=#003300> ainsi qu\u2019au n&deg; de tel <SPAN class=GramE>:0475<\/SPAN>\/205804.<\/FONT><\/FONT><\/SPAN><\/FONT><\/I><\/B><\/P><B style=\"\"><I style=\"\"><FONT face=\"Times New Roman\"><SPAN style=\"font-weight:bold;FONT-SIZE:16pt;font-style:italic;\"><FONT color=#003300><P><B style=\"\"><I style=\"\"><FONT face=\"Times New Roman\"><SPAN style=\"font-weight:bold;FONT-SIZE:16pt;font-style:italic;\"><FONT size=3>Pour en terminer avant l\u2019amusement, au nom de la direction, je voudrais encore remercier tout particuli\u00e8rement ceux qui nous soutiennent r\u00e9guli\u00e8rement ; les m\u00e9dia, les sponsors, les fans, les amis, les connaissances mais surtout les b\u00e9n\u00e9voles qui par leurs prestations \u00e0 chaque \u00e9v\u00e8nement font que notre association l\u00e8ve la t\u00eate depuis 8 ans.<\/p>\n<p><\/FONT><\/SPAN><\/FONT><\/I><\/B><\/P><P><B style=\"\"><I style=\"\"><FONT face=\"Times New Roman\"><SPAN style=\"font-weight:bold;FONT-SIZE:16pt;font-style:italic;\"><FONT size=3>Je me dois aussi de me r\u00e9p\u00e9ter au sujet des aides financi\u00e8res qui seraient les bienvenues pour aider au maximum nos jeunes talents dont le m\u00e9rite est grandiose puisqu\u2019il n\u2019est pas motiv\u00e9 par l\u2019argent.<\/FONT><\/SPAN><\/FONT><\/I><\/B><\/P><P><B style=\"\"><I style=\"\"><FONT face=\"Times New Roman\"><SPAN style=\"font-weight:bold;FONT-SIZE:16pt;font-style:italic;\"><\/SPAN><\/FONT><\/I><\/B><B style=\"\"><I style=\"\"><FONT face=\"Times New Roman\"><SPAN style=\"font-weight:bold;FONT-SIZE:16pt;font-style:italic;\"><FONT size=3>Je pense vous avoir ennuy\u00e9s assez avec mes grandes paroles ; je vous remercie de votre participation et je vous souhaite un bon amusement.<\/p>\n<p><\/FONT><\/SPAN><\/FONT><\/I><\/B><\/P><P><B style=\"\"><I style=\"\"><FONT face=\"Times New Roman\" size=3><SPAN style=\"font-weight:bold;FONT-SIZE:16pt;font-style:italic;\"><\/p>\n<p><\/SPAN><\/FONT><\/I><\/B><\/P><P style=\"TEXT-ALIGN:center\" align=center><B style=\"\"><I style=\"\"><FONT face=\"Times New Roman\"><SPAN style=\"font-weight:bold;FONT-SIZE:16pt;font-style:italic;\"><FONT size=3>ET QUE <?<st1:PersonName ProductID=\"LA FETE COMMENCE\" w:st=\"on\"><st1:PersonName ProductID=\"LA FETE\" w:st=\"on\">LA FETE<\/st1:PersonName> COMMENCE<\/st1:PersonName> !!!!!!!!!<\/p>\n<p><\/FONT><\/SPAN><\/FONT><\/I><\/B><\/P><\/p>\n<p><\/FONT><\/SPAN><\/FONT><\/I><\/B><P align=center><IMG src=\"\/A\/N\/D\/inauguration6radio8musicadeon20060430.jpg\"> <\/P><DIV>Suite au discours de la Pr\u00e9sidente, c&rsquo;est maintenant au tour de Monsieur Michel Tasiaux, qui en tant qu&rsquo;administrateur d\u00e9l\u00e9gu\u00e9, remercie le public de s&rsquo;\u00eatre d\u00e9plac\u00e9 en si grand nombre pour f\u00eater l&rsquo;\u00e9v\u00e9nement. Il nous dit \u00ab\u00a0vous \u00eates plus de 350 \u00e0 vous \u00eatre r\u00e9unis ce dimanche de grand week-end, merci de cet encouragement\u00a0\u00bb. Il s&rsquo; emballe et remercie tous les b\u00e9n\u00e9voles qui ont oeuvr\u00e9 dans l&rsquo; ombre depuis tant d&rsquo; ann\u00e9es; \u00ab\u00a0sans vous et votre fid\u00e9lit\u00e9, cette journ\u00e9e n&rsquo;existerait pas et nous ne serions pas ici pour f\u00eater ensemble le bapt\u00eame de Radio Musicad\u00e9on \u00ab\u00a0. <\/DIV><P align=center><IMG src=\"\/A\/N\/D\/inauguration7radio8musicadeon20060430.jpg\"> <\/P><P align=center>Georges Piette tr\u00e9sorier-comptable de la soci\u00e9t\u00e9 nous dit aussi quelques mots sur le fait que finance et travail sont les ma\u00eetre-mots d&rsquo;une bonne organisation. <\/P><P align=center><IMG src=\"\/A\/N\/D\/inauguration8radio8musicadeon20060430.jpg\"> <\/P><P align=center>Jean-Pierre, notre technicien et responsable des comptoirs \u00e9met de chaleureux<\/P><P align=center>remerciements envers le public et souhaite r\u00e9ussite \u00e0 Radio Musicad\u00e9on.<\/P><P align=center><IMG src=\"\/A\/N\/D\/inauguration9radio8musicadeon20060430.jpg\"> <\/P><P align=center><IMG src=\"\/A\/N\/D\/inauguration10radio8musicadeon20060430.jpg\"><\/P><P align=center>Les orateurs du jour se succ\u00e8dent rapidement: Les Echevins de la culture et des sports de Jemeppe sur Sambre Philippe Carlier et son homologue de Profondeville Etienne Nicaise et le conseiller Etienne Pierrard \u00e0 l&rsquo; unissons nous diront tout le bien qu &lsquo;ils pensent d&rsquo;avoir un m\u00e9dia sur le web, un outil appr\u00e9ciable et appr\u00e9ci\u00e9, une n\u00e9cessit\u00e9 pour le d\u00e9veloppement de la culture en g\u00e9n\u00e9ral et quel beau moyen de communication vous avez dans les mains. Magnifique initiative qu&rsquo; une Radio en ligne; c&rsquo; est l\u00e0 une garantie future de la libert\u00e9 d&rsquo; expression pour tous les citoyens. <\/P><P align=center><\/P><P align=center><IMG src=\"\/A\/N\/D\/inauguration11radio8musicadeon20060430.jpg\"> <\/P><P align=center><IMG src=\"\/A\/N\/D\/inauguration12radio8musicadeon20060430.jpg\"> <\/P><P align=center>Michel passe le microphone au repr\u00e9sentant du corps technique de notre radio, Albert Lambert, qui nous dit les difficult\u00e9s de cette op\u00e9ration et saluera les amis dans l&rsquo; ombre Raynald \u00ab\u00a0Webmaster\u00a0\u00bb et Philippe \u00ab\u00a0concepteur\u00a0\u00bb. Raynald, qui retenu par ses obligations professionnelles dans un autre pays, est tr\u00e8s triste de ne pouvoir participer \u00e0 la f\u00eate.<\/P><P align=center><IMG src=\"\/A\/N\/D\/inauguration13radio8musicadeon20060430.jpg\"> <\/P><P align=center>Notre \u00e9diteur et mod\u00e9rateur sur la toile l&rsquo;ami Camille ( dit Gros-b\u00eache) est tout \u00e0 fait d\u00e9sorient\u00e9 devant un si petit micro. <\/P><P align=center><IMG src=\"\/A\/N\/D\/inauguration14radio8musicadeon20060430.jpg\"> <\/P><P align=center>Comme vous le voyez, toute l&rsquo;\u00e9quipe est heureuse et appr\u00e9cie la pr\u00e9sence des<\/P><P align=center>nombreux fans de Radio Musicad\u00e9on et celle de tous les artistes.<\/P><P align=center><IMG src=\"\/A\/N\/D\/inauguration15radio8musicadeon20060430.jpg\"> <\/P><P align=center>De ses mains expertes, Marie-Jeanne a encore brod\u00e9. Un logo d\u00e9di\u00e9 personnellement<\/P><P align=center>\u00e0 chaque artiste et un pour Radio Musicad\u00e9on.<\/P><\/FONT><\/I><P><\/P><P align=center><I><FONT size=4><\/FONT><\/I><\/P><B style=\"\"><I style=\"\"><FONT face=\"Times New Roman\"><SPAN style=\"font-weight:bold;FONT-SIZE:16pt;font-style:italic;\"><FONT color=#003300><\/p>\n<p><\/FONT><\/SPAN><\/FONT><\/I><\/B><P align=center><IMG src=\"\/A\/N\/D\/inauguration16radio8musicadeon20060430.jpg\"> <\/P><P align=center><IMG src=\"\/A\/N\/D\/inauguration17radio8musicadeon20060430.jpg\"> <\/P><P align=center><IMG src=\"\/A\/N\/D\/inauguration18radio8musicadeon20060430.jpg\"> <\/P><P align=center><IMG src=\"\/A\/N\/D\/inauguration19radio8musicadeon20060430.jpg\"> <\/P><P align=center><IMG src=\"\/A\/N\/D\/inauguration20radio8musicadeon20060430.jpg\"> <\/P><P align=center><i><FONT size=4>On boit,<\/FONT><\/i> <i><FONT size=4>on mange, on chante, on danse; que faut-il de plus pour passer<\/FONT><\/i><\/P><P align=center><i><FONT size=4>un apr\u00e8s-midi enchanteur et montrer que l&rsquo;on peut encore r\u00e9aliser de belles choses.<\/FONT><\/i><\/P><P align=center><IMG src=\"\/A\/N\/D\/inauguration21radio8musicadeon20060430.jpg\"> <\/P><P align=center><i><FONT size=4>Tout le personnel est motiv\u00e9 et attentif pour que l&rsquo;\u00e9v\u00e8nement se d\u00e9roule<\/FONT><\/i><\/P><P align=center><i><FONT size=4>le mieux possible dans le meilleur des mondes.<\/FONT><\/i><\/P><P align=center><IMG src=\"\/A\/N\/D\/inauguration22radio8musicadeon20060430.jpg\"> <\/P><P align=center><IMG src=\"\/A\/N\/D\/inauguration23radio8musicadeon20060430.jpg\"> <\/P><P align=center><IMG src=\"\/A\/N\/D\/inauguration24radio8musicadeon20060430.jpg\"> <\/P><P align=center><IMG src=\"\/A\/N\/D\/inauguration25radio8musicadeon20060430.jpg\"> <\/P><P align=center><IMG src=\"\/A\/N\/D\/inauguration26radio8musicadeon20060430.jpg\"> <\/P><P align=center><IMG src=\"\/A\/N\/D\/inauguration27radio8musicadeon20060430.jpg\"> <\/P><P align=center><IMG src=\"\/A\/N\/D\/inauguration28radio8musicadeon20060430.jpg\"> <\/P><P align=center><IMG src=\"\/A\/N\/D\/inauguration29radio8musicadeon20060430.jpg\"> <\/P><P align=center><IMG src=\"\/A\/N\/D\/inauguration30radio8musicadeon20060430.jpg\"> <\/P><P align=center><IMG src=\"\/A\/N\/D\/inauguration31radio8musicadeon20060430.jpg\"> <\/P><P align=center><IMG src=\"\/A\/N\/D\/inauguration32radio8musicadeon20060430.jpg\"> <\/P><P align=center><IMG src=\"\/A\/N\/D\/inauguration33radio8musicadeon20060430.jpg\"> <\/P><P align=center><IMG src=\"\/A\/N\/D\/inauguration34radio8musicadeon20060430.jpg\"> <\/P><P align=center><IMG src=\"\/A\/N\/D\/inauguration35radio8musicadeon20060430.jpg\"> <\/P><P align=center><IMG src=\"\/A\/N\/D\/inauguration36radio8musicadeon20060430.jpg\"> <\/P><P align=center><IMG src=\"\/A\/N\/D\/inauguration37radio8musicadeon20060430.jpg\"> <\/P><P align=center><IMG src=\"\/A\/N\/D\/inauguration38radio8musicadeon20060430.jpg\"> <\/P><P align=center><IMG src=\"\/A\/N\/D\/inauguration39radio8musicadeon20060430.jpg\"> <\/P><P align=center><i><FONT size=4>Notre chef cuisini\u00e8re Betty sur la droite et une nouvelle recrue Lili a sa gauche<\/FONT><\/i><\/P><P align=center><IMG src=\"\/A\/N\/D\/inauguration40radio8musicadeon20060430.jpg\"> <\/P><P align=center><IMG src=\"\/A\/N\/D\/inauguration41radio8musicadeon20060430.jpg\"> <\/P><P align=center><IMG src=\"\/A\/N\/D\/inauguration42radio8musicadeon20060430.jpg\"> <\/P><P align=center><IMG src=\"\/A\/N\/D\/inauguration43radio8musicadeon20060430.jpg\"> <\/P><P align=center><IMG src=\"\/A\/N\/D\/inauguration44radio8musicadeon20060430.jpg\"> <\/P><P align=center><IMG src=\"\/A\/N\/D\/inauguration45radio8musicadeon20060430.jpg\"> <\/P><P align=center><IMG src=\"\/A\/N\/D\/inauguration46radio8musicadeon20060430.jpg\"> <\/P><P align=center><IMG src=\"\/A\/N\/D\/inauguration47radio8musicadeon20060430.jpg\"> <\/P><P align=center><IMG src=\"\/A\/N\/D\/inauguration48radio8musicadeon20060430.jpg\"> <\/P><P align=center><IMG src=\"\/A\/N\/D\/inauguration49radio8musicadeon20060430.jpg\"> <\/P><P align=center><IMG src=\"\/A\/N\/D\/inauguration50radio8musicadeon20060430.jpg\"> <\/P><P align=center><IMG src=\"\/A\/N\/D\/inauguration51radio8musicadeon20060430.jpg\"> <\/P><P align=center><IMG src=\"\/A\/N\/D\/inauguration52radio8musicadeon20060430.jpg\"> <\/P><P align=center><IMG src=\"\/A\/N\/D\/inauguration53radio8musicadeon20060430.jpg\"> <\/P><P align=center><IMG src=\"\/A\/N\/D\/inauguration54radio8musicadeon20060430.jpg\"> <\/P><P align=center><IMG src=\"\/A\/N\/D\/inauguration55radio8musicadeon20060430.jpg\"> <\/P><P align=center><IMG src=\"\/A\/N\/D\/inauguration56radio8musicadeon20060430.jpg\"> <\/P><P align=center><IMG src=\"\/A\/N\/D\/inauguration57radio8musicadeon20060430.jpg\"> <\/P><P align=center><IMG src=\"\/A\/N\/D\/inauguration58radio8musicadeon20060430.jpg\"> <\/P><P align=center><IMG src=\"\/A\/N\/D\/inauguration59radio8musicadeon20060430.jpg\"> <\/P><P align=center><IMG src=\"\/A\/N\/D\/inauguration60radio8musicadeon20060430.jpg\"> <\/P><P align=center><IMG src=\"\/A\/N\/D\/inauguration61radio8musicadeon20060430.jpg\"> <\/P><P align=center><IMG src=\"\/A\/N\/D\/inauguration62radio8musicadeon20060430.jpg\"> <\/P><FONT face=\"Arial Unicode MS\" color=#000080 size=2><DIV><i><FONT color=#000 size=4>Je vous ai laiss\u00e9 voir les photos des artistes ainsi que l&rsquo;ambiance r\u00e9gnant dans la salle et maintenant, je vais vous d\u00e9crire le d\u00e9roulement de tout ceci.<\/FONT><\/i><\/DIV><DIV><i><FONT color=#000 size=4>Les repas avan&ccedil;ant, la Pr\u00e9sidente reprend le micro et dit \u00ab\u00a0cher public, encore une fois je vous souhaite bon app\u00e9tit et comme vous n&rsquo;\u00eates pas venu ici nous \u00e9couter tirer des plans sur la com\u00e8te, que la f\u00eate \u00e0 Radio Musicad\u00e9on commence et je vous demande d&rsquo; accueillir mon ami Franck Johan \u00ab\u00a0.Le brouhaha de la salle commence \u00e0 s&rsquo; att\u00e9nuer, le Franck y va de son r\u00e9pertoire doux et enj\u00f4leur, il est au mieux de sa forme et r\u00e9ussi \u00e0 capter l&rsquo;attention de l&rsquo;auditoire qui r\u00e9pond \u00e0 ses sollicitations, les applaudissements suivent. Apparemment, il y a des fans de Frank un peu partout dans la salle.Et la partie de se gagner!!! Le chanteur r\u00e9ussi \u00e0 remplir la piste de danse, les couples s&rsquo;enlacent comme au meilleurs temps des sixties .<\/FONT><\/i><\/DIV><DIV><i><FONT color=#000 size=4>Il ne change pas Le Frank Johan, il fait encore tourner la t\u00eate aux filles. Il r\u00e9ussi le tour de force de mettre plus de la moiti\u00e9 des couples enlac\u00e9s sur la piste \u00e0 cette heure, et que dire du final de l&rsquo;artiste entamant ce slow langoureux, qui est le titre phare de son dernier CD \u00ab\u00a0Une rose\u00a0\u00bb apoth\u00e9ose de son tour de chant. Oui Franck, j&rsquo;ai vu beaucoup de regards r\u00eaveurs dans la salle. Chapeau!!! le public r\u00eave et tu as une fois de plus r\u00e9ussi \u00e0 faire pl\u00e2ner ton auditoire, nous sommes captiv\u00e9s, bravo l&rsquo;Artiste!!!!<\/FONT><\/i> <\/DIV><DIV align=center><DIV><i><FONT face=\"Arial Unicode MS\" color=#000080 size=2><DIV><FONT size=4>Il est 15h et Jean-Claude Lahaye, notre chanteur de charme entre en piste.15h10, Avec la complicit\u00e9 de sa soeur Chantal \u00e0 la technique, il met le feu \u00e0 la salle Gabrielle Bernard, la temp\u00e9rature vient de monter de plusieurs degr\u00e9s. Rock-and-roll &#8230;&#8230;Jean-Claude est d\u00e9cha\u00een\u00e9.<\/FONT><\/DIV><DIV><FONT size=4>Les d\u00eeneurs en retard vont rester coinc\u00e9s, la fourchette en l&rsquo; air, l&rsquo; artiste roule les m\u00e9caniques comme s&rsquo; il avait vingt ans, 15h 20 la b\u00eate de sc\u00e8ne est au milieu du public qui s&rsquo; enthousiasme. Et de sa sa voix si particuli\u00e8re, il chante \u00ab\u00a0un gar&ccedil;on t&rsquo; a fait pleurer\u00a0\u00bb.<\/FONT><\/DIV><DIV><FONT size=4>Le crooner poursuit et encha\u00eene titre sur titre. On se croirait au \u00a0\u00bb Bataclan\u00a0\u00bb !!! 350 personnes se souviendront de cette ambiance \u00ab\u00a0\u00a0\u00bbpalais des sports\u00a0\u00bb comme au bon temps des Haliday et compagnies. Merveilleux public de connaisseurs qui sait appr\u00e9cier la prouesse du Li\u00e9geois et le lui rend en bissant le titre de son album \u00ab\u00a0Maman je reviendrai\u00a0\u00bb<\/FONT> . <\/DIV><DIV><b><\/b><DIV><FONT color=#c00 size=4>Entrer dans cette ar\u00e8ne chauff\u00e9e \u00e0 blanc par le rocker \u00e0 la chemise rouge n&rsquo;\u00e9tait pas un cadeau pour notre Annie Loris nationale,<\/FONT><\/DIV><DIV><FONT color=#c00 size=4>mais la encore, les organisateurs ont jou\u00e9 gagnant. R\u00e9cital sans \u00e9gal; 3 chansons sorties tout droit du r\u00e9pertoire d&rsquo;Annie Cordy. La petite dame donne de la voix, le public est conquis et enti\u00e8rement gagn\u00e9 \u00e0 sa cause au moment o&ugrave; l&rsquo;enfant de la balle sort son instrument favori \u00ab\u00a0\u00a0\u00bb du Dinantais Adolphe Sax\u00a0\u00bb\u00a0\u00bb. Le r\u00e9cital gagne en intensit\u00e9 \u00ab\u00a0Syracuse, Comme d &lsquo;habitue, Dit lui, La chapelle au clair de lune (the chappel in the moonlight jadis interpr\u00e8t\u00e9e par Dean Martin). Le rappel nous offre la joie de r\u00e9entendre un medley de Glen Miller, applaudissements et la salle est debout. Annie Loris a encore gagn\u00e9 le coeur du public. Comme toujours, ce soir encore, vous avez \u00e9t\u00e9 grande, jolie Madame!! Les hommes sont sous le charme de l&rsquo; artiste, il y a des petites lueurs dans les yeux de certains de ces Messieurs que la dame a allum\u00e9&#8230;hum<\/FONT><\/DIV><DIV><DIV><FONT size=4>Et maintenant, entre en sc\u00e8ne, l&rsquo;homme de Somz\u00e9e, 55ans de carri\u00e8re, le plus wallon des wallons, Henri Golan, qui, v\u00eatu d&rsquo; une veste jaune qui ferait p\u00e2lir certains de nos 40 Molons Namurois, cloue directement le public sur sa chaise. En interpr\u00e8tant \u00a0\u00bb L&rsquo;hidalgo,Oh\u00e9 caraibes\u00a0\u00bb, il nous entraine aussi \u00ab\u00a0En terre d&rsquo;irlande\u00a0\u00bb et tout cela dans la langue de Dante .<\/FONT><\/DIV><DIV><FONT size=4>Le Chanteur a une nouvelle fois surpris et plus encore au moment o&ugrave; il entraine le public \u00e0 reprendre \u00e0 l&rsquo;unissons \u00a0\u00bb mon oncle est cyclo \u00ab\u00a0. La salle applaudi l&rsquo; artiste, qui embraye sur quelques morceaux de bravoure et divers monologues dont il a le secret. Tous sont conquis par l&rsquo; homme qui en remets une couche. <\/FONT><\/DIV><DIV><FONT size=4>Le grand, chanteur populaire wallon, conteur, \u00e9crivain, acteur nous contera encore quelques fadaises du meilleur cru et finira son show avec des titres criant de v\u00e9rit\u00e9 \u00ab\u00a0Dites nous donc, Les pauvres connes, On est comme ont na\u00eet\u00a0\u00bb, et en final, il nous chante cette derni\u00e8re \u00ab\u00a0Quand on est Vieux\u00a0\u00bb. Oh non!! la chanson n&rsquo; est ni triste ni nostalgique, c&rsquo;est un hymne \u00e0 la vie, une histoire d&rsquo; amour, mais celle -l\u00e0 n&rsquo; est pas banale. C&rsquo; est l&rsquo; histoire de la vie de tous les jours (un des plus beau texte que j&rsquo; aie entendu ces derni\u00e8res ann\u00e9es). Bravo Monsieur Golan, vous m&rsquo; avez surpris une fois encore, mais cette fois, je ne serai pas seul car, combien de dames ne furent pas \u00e9tonn\u00e9es de sentir Monsieur serrer leur main un peu plus fort que d&rsquo; habitude en \u00e9coutant les paroles de votre chanson. Etrange \u00e9change entre le public et vous; <\/FONT><\/DIV><DIV><FONT size=4>joli truc que vous avez r\u00e9ussi ce jour. Salut Mister Golan!!!!!<\/FONT><\/DIV><\/DIV><\/DIV><\/FONT><\/i><\/DIV><\/DIV><\/FONT><P align=center><IMG src=\"\/A\/N\/D\/inauguration63radio8musicadeon20060430.jpg\"><\/P><P align=center><FONT size=4><i>Et surprise, voil\u00e0 notre Henri qui se converti en animateur&#8230; \u00ab\u00a0tout le monde en piste\u00a0\u00bb avec Erika \u00ab\u00a0la princesse de l&rsquo;accordeon\u00a0\u00bb, place \u00e0 la danse, valses, pasodobles, tangos, slows langoureux et autres chachas. Erika, en virtuose conduira la soir\u00e9e au-del\u00e0 des 21h00. Belle prestation Madame, que vous avez termin\u00e9e de main de ma\u00eetre et n&rsquo;oubliez pas, Madame que vous m&rsquo;avez promis une intervew pour radio Musicad\u00e9on dont c&rsquo;etait la journ\u00e9e inaugurale . <\/i><\/FONT><\/P><P align=center><IMG src=\"\/A\/N\/D\/inauguration64radio8musicadeon20060430.jpg\"> <\/P><P align=center><i><FONT size=4>Et pour finir, les patrons prennent cong\u00e9 du public \u00ab\u00a0\u00e0 regrets\u00a0\u00bb et le remercie<\/FONT><\/i><\/P><P align=center><i><FONT size=4>de sa pr\u00e9sence et de sa g\u00e9n\u00e9rosit\u00e9!!<\/FONT><\/i><\/P><P align=left><i><FONT size=4>Reportage:<b><U>Claude Vilain.<\/U> <\/b>Edition:<b><U>Gros Betches.<\/U><\/b><\/FONT><\/i><\/P><\/p>\n","protected":false},"excerpt":{"rendered":"<p>Sachez d\u00e9j\u00e0 que nos amis les artistes ainsi qu&rsquo;un public extraordinaireont ensemble \u00ab\u00a0mis le feu\u00a0\u00bb pour f\u00eater l&rsquo;inauguration de \u00ab\u00a0RADIO MUSICADEON\u00a0\u00bb Et tout de suite,&#8230;<\/p>\n","protected":false},"author":1,"featured_media":0,"comment_status":"closed","ping_status":"open","sticky":false,"template":"","format":"standard","meta":[],"categories":[3],"tags":[5],"_links":{"self":[{"href":"https:\/\/www.musicadeon.com\/index.php\/wp-json\/wp\/v2\/posts\/2319"}],"collection":[{"href":"https:\/\/www.musicadeon.com\/index.php\/wp-json\/wp\/v2\/posts"}],"about":[{"href":"https:\/\/www.musicadeon.com\/index.php\/wp-json\/wp\/v2\/types\/post"}],"author":[{"embeddable":true,"href":"https:\/\/www.musicadeon.com\/index.php\/wp-json\/wp\/v2\/users\/1"}],"replies":[{"embeddable":true,"href":"https:\/\/www.musicadeon.com\/index.php\/wp-json\/wp\/v2\/comments?post=2319"}],"version-history":[{"count":0,"href":"https:\/\/www.musicadeon.com\/index.php\/wp-json\/wp\/v2\/posts\/2319\/revisions"}],"wp:attachment":[{"href":"https:\/\/www.musicadeon.com\/index.php\/wp-json\/wp\/v2\/media?parent=2319"}],"wp:term":[{"taxonomy":"category","embeddable":true,"href":"https:\/\/www.musicadeon.com\/index.php\/wp-json\/wp\/v2\/categories?post=2319"},{"taxonomy":"post_tag","embeddable":true,"href":"https:\/\/www.musicadeon.com\/index.php\/wp-json\/wp\/v2\/tags?post=2319"}],"curies":[{"name":"wp","href":"https:\/\/api.w.org\/{rel}","templated":true}]}}