{"id":2375,"date":"2006-07-28T02:00:00","date_gmt":"2006-07-28T00:00:00","guid":{"rendered":"http:\/\/www.musicadeon.com\/index.php\/2006\/07\/28\/a-vos-agendas-21-02-2007\/"},"modified":"2006-07-28T02:00:00","modified_gmt":"2006-07-28T00:00:00","slug":"a-vos-agendas-21-02-2007","status":"publish","type":"post","link":"https:\/\/www.musicadeon.com\/index.php\/2006\/07\/28\/a-vos-agendas-21-02-2007\/","title":{"rendered":"\u00c0 vos agendas (21-02-2007)"},"content":{"rendered":"<p>du 17 au 21 f\u00e9vrier Sax \u00e0 Fond (cong\u00e9 de Carnaval) vous propose de les accompagner \u00e0  NICE  (France) et d&rsquo;y d\u00e9couvrir la f\u00e9\u00e9rie d&rsquo;un des plus beaux carnavals du monde avec Rio et T\u00e9n\u00e9riffe <\/p>\n","protected":false},"excerpt":{"rendered":"<p>du 17 au 21 f\u00e9vrier Sax \u00e0 Fond (cong\u00e9 de Carnaval) vous propose de les accompagner \u00e0 NICE (France) et d&rsquo;y d\u00e9couvrir la f\u00e9\u00e9rie d&rsquo;un&#8230;<\/p>\n","protected":false},"author":1,"featured_media":0,"comment_status":"closed","ping_status":"open","sticky":false,"template":"","format":"standard","meta":[],"categories":[1],"tags":[],"_links":{"self":[{"href":"https:\/\/www.musicadeon.com\/index.php\/wp-json\/wp\/v2\/posts\/2375"}],"collection":[{"href":"https:\/\/www.musicadeon.com\/index.php\/wp-json\/wp\/v2\/posts"}],"about":[{"href":"https:\/\/www.musicadeon.com\/index.php\/wp-json\/wp\/v2\/types\/post"}],"author":[{"embeddable":true,"href":"https:\/\/www.musicadeon.com\/index.php\/wp-json\/wp\/v2\/users\/1"}],"replies":[{"embeddable":true,"href":"https:\/\/www.musicadeon.com\/index.php\/wp-json\/wp\/v2\/comments?post=2375"}],"version-history":[{"count":0,"href":"https:\/\/www.musicadeon.com\/index.php\/wp-json\/wp\/v2\/posts\/2375\/revisions"}],"wp:attachment":[{"href":"https:\/\/www.musicadeon.com\/index.php\/wp-json\/wp\/v2\/media?parent=2375"}],"wp:term":[{"taxonomy":"category","embeddable":true,"href":"https:\/\/www.musicadeon.com\/index.php\/wp-json\/wp\/v2\/categories?post=2375"},{"taxonomy":"post_tag","embeddable":true,"href":"https:\/\/www.musicadeon.com\/index.php\/wp-json\/wp\/v2\/tags?post=2375"}],"curies":[{"name":"wp","href":"https:\/\/api.w.org\/{rel}","templated":true}]}}