{"id":240,"date":"2002-09-03T02:00:00","date_gmt":"2002-09-03T00:00:00","guid":{"rendered":"http:\/\/www.musicadeon.com\/index.php\/2002\/09\/03\/a-vos-agendas-03-11-2002-2\/"},"modified":"2002-09-03T02:00:00","modified_gmt":"2002-09-03T00:00:00","slug":"a-vos-agendas-03-11-2002-2","status":"publish","type":"post","link":"https:\/\/www.musicadeon.com\/index.php\/2002\/09\/03\/a-vos-agendas-03-11-2002-2\/","title":{"rendered":"\u00c0 vos agendas (03-11-2002)"},"content":{"rendered":"<p>Dimanche 3 novembre \u00e0 Cul-des-sarts d\u00e9s 16h30 retrouver Guy Tillieux et son accord\u00e9on au dancing l&rsquo;ELYSEE<\/p>\n","protected":false},"excerpt":{"rendered":"<p>Dimanche 3 novembre \u00e0 Cul-des-sarts d\u00e9s 16h30 retrouver Guy Tillieux et son accord\u00e9on au dancing l&rsquo;ELYSEE<\/p>\n","protected":false},"author":1,"featured_media":0,"comment_status":"closed","ping_status":"open","sticky":false,"template":"","format":"standard","meta":[],"categories":[1],"tags":[],"_links":{"self":[{"href":"https:\/\/www.musicadeon.com\/index.php\/wp-json\/wp\/v2\/posts\/240"}],"collection":[{"href":"https:\/\/www.musicadeon.com\/index.php\/wp-json\/wp\/v2\/posts"}],"about":[{"href":"https:\/\/www.musicadeon.com\/index.php\/wp-json\/wp\/v2\/types\/post"}],"author":[{"embeddable":true,"href":"https:\/\/www.musicadeon.com\/index.php\/wp-json\/wp\/v2\/users\/1"}],"replies":[{"embeddable":true,"href":"https:\/\/www.musicadeon.com\/index.php\/wp-json\/wp\/v2\/comments?post=240"}],"version-history":[{"count":0,"href":"https:\/\/www.musicadeon.com\/index.php\/wp-json\/wp\/v2\/posts\/240\/revisions"}],"wp:attachment":[{"href":"https:\/\/www.musicadeon.com\/index.php\/wp-json\/wp\/v2\/media?parent=240"}],"wp:term":[{"taxonomy":"category","embeddable":true,"href":"https:\/\/www.musicadeon.com\/index.php\/wp-json\/wp\/v2\/categories?post=240"},{"taxonomy":"post_tag","embeddable":true,"href":"https:\/\/www.musicadeon.com\/index.php\/wp-json\/wp\/v2\/tags?post=240"}],"curies":[{"name":"wp","href":"https:\/\/api.w.org\/{rel}","templated":true}]}}