{"id":2545,"date":"2007-01-31T01:00:00","date_gmt":"2007-01-31T00:00:00","guid":{"rendered":"http:\/\/www.musicadeon.com\/index.php\/2007\/01\/31\/lasbl-s-p-t-j-a-organise-son-tir-aux-clays-annuel-les-21-22-juillet-2007-a-lesves-belgium\/"},"modified":"2007-01-31T01:00:00","modified_gmt":"2007-01-31T00:00:00","slug":"lasbl-s-p-t-j-a-organise-son-tir-aux-clays-annuel-les-21-22-juillet-2007-a-lesves-belgium","status":"publish","type":"post","link":"https:\/\/www.musicadeon.com\/index.php\/2007\/01\/31\/lasbl-s-p-t-j-a-organise-son-tir-aux-clays-annuel-les-21-22-juillet-2007-a-lesves-belgium\/","title":{"rendered":"L&rsquo;Asbl S.P.T.J.A. Organise son Tir aux clays annuel les 21 &amp; 22 juillet 2007 \u00e0 Lesves (Belgium)"},"content":{"rendered":"<p><P><IMG src=\"\/A\/N\/D\/tir1sptja20070721.jpg\"><\/P><P><\/P><P align=center><IMG src=\"\/A\/N\/D\/image10.gif\"> <\/P><P align=center><a href=\"http:\/\/www.canalc.be\/index.html\" target=_new rel=\"noopener noreferrer\"><FONT size=5>http:\/\/www.canalc.be\/index.html<\/FONT><\/A><\/P><P align=center><a href=\"http:\/\/www.sptja.com\/\" target=_new rel=\"noopener noreferrer\"><FONT size=5>http:\/\/www.sptja.com<\/FONT><\/A><\/P><P align=center><B><I><U><FONT size=6>Samedi 21 Juillet 2007 <\/FONT><\/U><\/I><\/B><\/P><P align=center><B><I><U><FONT size=6><IMG src=\"\/A\/N\/D\/tir20070721sptja1sports.jpg\"><\/FONT><\/U><\/I><\/B> <\/P><P align=center><FONT size=4><b><i>Tir aux clays du Samedi 21 juillet, le soleil est parmi nous et tout le monde est au rendez-vous<\/i><\/b><\/FONT><\/P><P align=center><IMG src=\"\/A\/N\/D\/tir20070721sptja2sports.jpg\"> <\/P><P align=center><IMG src=\"\/A\/N\/D\/tir20070721sptja3sports.jpg\"> <\/P><P align=center><FONT size=4><i><b>Merci \u00e0 nos amis fid\u00e8les<\/b><\/i><\/FONT><\/P><P align=center><IMG src=\"\/A\/N\/D\/tir20070721sptja4sports.jpg\"> <\/P><P align=center><b><i><FONT size=4>Les amateurs qui n&rsquo;ont jamais tir\u00e9 sont initi\u00e9s au maniement de l&rsquo;arme par un \u00e9ducateur agr\u00e9\u00e9<\/FONT><\/i><\/b><\/P><P align=center><IMG src=\"\/A\/N\/D\/tir20070721sptja5sports.jpg\"> <\/P><P align=center><IMG src=\"\/A\/N\/D\/tir20070721sptja6sports.jpg\"> <\/P><P align=center><IMG src=\"\/A\/N\/D\/tir20070721sptja7sports.jpg\"> <\/P><P align=center><IMG src=\"\/A\/N\/D\/tir20070721sptja8sports.jpg\"> <\/P><P align=center><b><i><FONT size=4>Que demander de plus? Tout le monde est heureux, il fait beau et l&rsquo;organisation est super<\/FONT><\/i><\/b><\/P><P align=center><IMG src=\"\/A\/N\/D\/tir20070721sptja9sports.jpg\"> <\/P><P align=center><IMG src=\"\/A\/N\/D\/tir20070721sptja10sports.jpg\"> <\/P><P align=center><IMG src=\"\/A\/N\/D\/tir20070721sptja11sports.jpg\"> <\/P><P align=center><IMG src=\"\/A\/N\/D\/tir20070721sptja12sports.jpg\"> <\/P><P align=center><IMG src=\"\/A\/N\/D\/tir20070721sptja13sports.jpg\"> <\/P><P align=center><IMG src=\"\/A\/N\/D\/tir20070721sptja14sports.jpg\"> <\/P><P align=center><b><i><FONT size=4>Aie! attention l&rsquo;\u00e9quipe de choc est en forme<\/FONT><\/i><\/b> <\/P><P align=center><b><i><U><FONT size=6>Dimanche 22 Juillet 2007 <\/FONT><\/U><\/i><\/b><P><\/P><P align=center><IMG src=\"\/A\/N\/D\/tir20070722sptja1sports.jpg\"> <\/P><P align=center><b><i><FONT size=4>Il est \u00ab\u00a0pile poil\u00a0\u00bb 10 H; les amateurs de tir aux clays sont venus en force<\/FONT><\/i><\/b> <\/P><P align=center><IMG src=\"\/A\/N\/D\/tir20070722sptja2sports.jpg\"> <\/P><P align=center><IMG src=\"\/A\/N\/D\/tir20070722sptja3sports.jpg\"> <\/P><P align=center><IMG src=\"\/A\/N\/D\/tir20070722sptja4sports.jpg\"> <\/P><P align=center><FONT size=4><i><b>Belle gueule pose pour la photo<\/b><\/i><\/FONT><\/P><P align=center><IMG src=\"\/A\/N\/D\/tir20070722sptja5sports.jpg\"> <\/P><P align=center><b><i><FONT size=4>Pour le&nbsp;Dr Jean-Marie Evrad&nbsp;petite explication sur la d\u00e9finition d&rsquo;une bille de paintball<\/FONT><\/i><\/b><\/P><P align=center><IMG src=\"\/A\/N\/D\/tir20070722sptja6sports.jpg\"> <\/P><P align=center><IMG src=\"\/A\/N\/D\/tir20070722sptja7sports.jpg\"> <\/P><P align=center><IMG src=\"\/A\/N\/D\/tir20070722sptja8sports.jpg\"> <\/P><P align=center><b><i><FONT size=4>A tous nos amis tireurs fid\u00e8les un grand merci<\/FONT><\/i><\/b><\/P><P align=center><IMG src=\"\/A\/N\/D\/tir20070722sptja9sports.jpg\"> <\/P><P align=center><IMG src=\"\/A\/N\/D\/tir20070722sptja10sports.jpg\"> <\/P><P align=center><IMG src=\"\/A\/N\/D\/tir20070722sptja11sports.jpg\"> <\/P><P align=center><IMG src=\"\/A\/N\/D\/tir20070722sptja12sports.jpg\"> <\/P><P align=center><IMG src=\"\/A\/N\/D\/tir20070722sptja13sports.jpg\"> <\/P><P align=center><IMG src=\"\/A\/N\/D\/tir20070722sptja14sports.jpg\"> <\/P><P align=center><IMG src=\"\/A\/N\/D\/tir20070722sptja15sports.jpg\"> <\/P><P align=center><IMG src=\"\/A\/N\/D\/tir20070722sptja16sports.jpg\"> <\/P><P align=center><IMG src=\"\/A\/N\/D\/tir20070722sptja17sports.jpg\"> <\/P><P align=center><FONT size=4><b><i>Mimi fait les doux yeux \u00e0 Mimie! Que va dire son cher et tendre \u00e9poux Didier?<\/i><\/b><\/FONT><\/P><P align=center><IMG src=\"\/A\/N\/D\/tir20070722sptja18sports.jpg\"> <\/P><P align=center><b><i><FONT size=4>Comme dans la soupe aux choux, les terriens se consultent<\/FONT><\/i><\/b> .<\/P><\/p>\n","protected":false},"excerpt":{"rendered":"<p>http:\/\/www.canalc.be\/index.htmlhttp:\/\/www.sptja.comSamedi 21 Juillet 2007 Tir aux clays du Samedi 21 juillet, le soleil est parmi nous et tout le monde est au rendez-vous Merci \u00e0&#8230;<\/p>\n","protected":false},"author":1,"featured_media":0,"comment_status":"closed","ping_status":"open","sticky":false,"template":"","format":"standard","meta":[],"categories":[3],"tags":[5],"_links":{"self":[{"href":"https:\/\/www.musicadeon.com\/index.php\/wp-json\/wp\/v2\/posts\/2545"}],"collection":[{"href":"https:\/\/www.musicadeon.com\/index.php\/wp-json\/wp\/v2\/posts"}],"about":[{"href":"https:\/\/www.musicadeon.com\/index.php\/wp-json\/wp\/v2\/types\/post"}],"author":[{"embeddable":true,"href":"https:\/\/www.musicadeon.com\/index.php\/wp-json\/wp\/v2\/users\/1"}],"replies":[{"embeddable":true,"href":"https:\/\/www.musicadeon.com\/index.php\/wp-json\/wp\/v2\/comments?post=2545"}],"version-history":[{"count":0,"href":"https:\/\/www.musicadeon.com\/index.php\/wp-json\/wp\/v2\/posts\/2545\/revisions"}],"wp:attachment":[{"href":"https:\/\/www.musicadeon.com\/index.php\/wp-json\/wp\/v2\/media?parent=2545"}],"wp:term":[{"taxonomy":"category","embeddable":true,"href":"https:\/\/www.musicadeon.com\/index.php\/wp-json\/wp\/v2\/categories?post=2545"},{"taxonomy":"post_tag","embeddable":true,"href":"https:\/\/www.musicadeon.com\/index.php\/wp-json\/wp\/v2\/tags?post=2545"}],"curies":[{"name":"wp","href":"https:\/\/api.w.org\/{rel}","templated":true}]}}