{"id":2672,"date":"2007-05-12T02:00:00","date_gmt":"2007-05-12T00:00:00","guid":{"rendered":"http:\/\/www.musicadeon.com\/index.php\/2007\/05\/12\/tete-a-tete-avec-tomala-a-radio-musicadeon-lesves-belgium\/"},"modified":"2007-05-12T02:00:00","modified_gmt":"2007-05-12T00:00:00","slug":"tete-a-tete-avec-tomala-a-radio-musicadeon-lesves-belgium","status":"publish","type":"post","link":"https:\/\/www.musicadeon.com\/index.php\/2007\/05\/12\/tete-a-tete-avec-tomala-a-radio-musicadeon-lesves-belgium\/","title":{"rendered":"T\u00eate-\u00e0-t\u00eate avec \u00a0\u00bbTOMALA\u00a0\u00bb \u00e0 Radio Musicad\u00e9on Lesves (Belgium)"},"content":{"rendered":"<p><P align=center><IMG src=\"\/A\/N\/D\/tomala20070511musicadeon1.jpg\"> <\/P><P align=center><b><i>Nous sommes le Vendredi 11 Mai, il est 19H, Radio Musicad\u00e9on re&ccedil;oit en ses locaux, le Chanteur TOMALA.<\/i><\/b><\/P><P align=center><IMG src=\"\/A\/N\/D\/tomala20070511musicadeon2.jpg\"> <\/P><P align=center><b><i>Tomala: auteur, compositeur, interpr\u00e8te, nous fait d\u00e9couvrir ses m\u00e9lodies.<\/i><\/b><\/P><P align=center><IMG src=\"\/A\/N\/D\/tomala20070511musicadeon3.jpg\"> <\/P><P align=center><b><i>Plusieurs CD sont disponibles, si mes souvenirs sont bons. Il existe encore 7 albums que l&rsquo;on peut se procurer \u00e0 <\/i><\/b><\/P><P align=center><b><i>l&rsquo; asbl S.P.T.J.A.<\/i><\/b><\/P><P align=center><b><i><IMG src=\"\/A\/N\/D\/tomala20070511musicadeon4.jpg\"> <\/i><\/b><\/P><P align=center><b><i>TOMALA, merci de ta visite. C&rsquo;est quand tu veux car tu es le bienvenu sur Radio Musicad\u00e9on et \u00e0 tr\u00e8s bient\u00f4t.<\/i><\/b><\/P><\/p>\n","protected":false},"excerpt":{"rendered":"<p>Nous sommes le Vendredi 11 Mai, il est 19H, Radio Musicad\u00e9on re&ccedil;oit en ses locaux, le Chanteur TOMALA. Tomala: auteur, compositeur, interpr\u00e8te, nous fait d\u00e9couvrir&#8230;<\/p>\n","protected":false},"author":1,"featured_media":0,"comment_status":"closed","ping_status":"open","sticky":false,"template":"","format":"standard","meta":[],"categories":[3],"tags":[5],"_links":{"self":[{"href":"https:\/\/www.musicadeon.com\/index.php\/wp-json\/wp\/v2\/posts\/2672"}],"collection":[{"href":"https:\/\/www.musicadeon.com\/index.php\/wp-json\/wp\/v2\/posts"}],"about":[{"href":"https:\/\/www.musicadeon.com\/index.php\/wp-json\/wp\/v2\/types\/post"}],"author":[{"embeddable":true,"href":"https:\/\/www.musicadeon.com\/index.php\/wp-json\/wp\/v2\/users\/1"}],"replies":[{"embeddable":true,"href":"https:\/\/www.musicadeon.com\/index.php\/wp-json\/wp\/v2\/comments?post=2672"}],"version-history":[{"count":0,"href":"https:\/\/www.musicadeon.com\/index.php\/wp-json\/wp\/v2\/posts\/2672\/revisions"}],"wp:attachment":[{"href":"https:\/\/www.musicadeon.com\/index.php\/wp-json\/wp\/v2\/media?parent=2672"}],"wp:term":[{"taxonomy":"category","embeddable":true,"href":"https:\/\/www.musicadeon.com\/index.php\/wp-json\/wp\/v2\/categories?post=2672"},{"taxonomy":"post_tag","embeddable":true,"href":"https:\/\/www.musicadeon.com\/index.php\/wp-json\/wp\/v2\/tags?post=2672"}],"curies":[{"name":"wp","href":"https:\/\/api.w.org\/{rel}","templated":true}]}}