{"id":277,"date":"2003-12-31T01:00:00","date_gmt":"2003-12-31T00:00:00","guid":{"rendered":"http:\/\/www.musicadeon.com\/index.php\/2003\/12\/31\/choeur-mondial-des-jeunes-a-namur\/"},"modified":"2003-12-31T01:00:00","modified_gmt":"2003-12-31T00:00:00","slug":"choeur-mondial-des-jeunes-a-namur","status":"publish","type":"post","link":"https:\/\/www.musicadeon.com\/index.php\/2003\/12\/31\/choeur-mondial-des-jeunes-a-namur\/","title":{"rendered":"Choeur Mondial des Jeunes \u00e0 Namur"},"content":{"rendered":"<p><P>le Dimanche 4 janvier \u00e0 16h les Choeur Mondial des Jeunes se produiront au Th\u00e9\u00e2tre Royal de Namur <\/P><P>avec les \u00ab\u00a0Lumi\u00e8res Bor\u00e9ales\u00a0\u00bb cordial invitation a tous<\/P><\/p>\n","protected":false},"excerpt":{"rendered":"<p>le Dimanche 4 janvier \u00e0 16h les Choeur Mondial des Jeunes se produiront au Th\u00e9\u00e2tre Royal de Namur avec les \u00ab\u00a0Lumi\u00e8res Bor\u00e9ales\u00a0\u00bb cordial invitation a&#8230;<\/p>\n","protected":false},"author":1,"featured_media":0,"comment_status":"closed","ping_status":"open","sticky":false,"template":"","format":"standard","meta":[],"categories":[3],"tags":[5],"_links":{"self":[{"href":"https:\/\/www.musicadeon.com\/index.php\/wp-json\/wp\/v2\/posts\/277"}],"collection":[{"href":"https:\/\/www.musicadeon.com\/index.php\/wp-json\/wp\/v2\/posts"}],"about":[{"href":"https:\/\/www.musicadeon.com\/index.php\/wp-json\/wp\/v2\/types\/post"}],"author":[{"embeddable":true,"href":"https:\/\/www.musicadeon.com\/index.php\/wp-json\/wp\/v2\/users\/1"}],"replies":[{"embeddable":true,"href":"https:\/\/www.musicadeon.com\/index.php\/wp-json\/wp\/v2\/comments?post=277"}],"version-history":[{"count":0,"href":"https:\/\/www.musicadeon.com\/index.php\/wp-json\/wp\/v2\/posts\/277\/revisions"}],"wp:attachment":[{"href":"https:\/\/www.musicadeon.com\/index.php\/wp-json\/wp\/v2\/media?parent=277"}],"wp:term":[{"taxonomy":"category","embeddable":true,"href":"https:\/\/www.musicadeon.com\/index.php\/wp-json\/wp\/v2\/categories?post=277"},{"taxonomy":"post_tag","embeddable":true,"href":"https:\/\/www.musicadeon.com\/index.php\/wp-json\/wp\/v2\/tags?post=277"}],"curies":[{"name":"wp","href":"https:\/\/api.w.org\/{rel}","templated":true}]}}