{"id":3373,"date":"2010-11-30T01:00:00","date_gmt":"2010-11-30T00:00:00","guid":{"rendered":"http:\/\/www.musicadeon.com\/index.php\/2010\/11\/30\/tete-a-tete-avec-katia-laurent-a-radio-musicadeon-lesves-belgium\/"},"modified":"2010-11-30T01:00:00","modified_gmt":"2010-11-30T00:00:00","slug":"tete-a-tete-avec-katia-laurent-a-radio-musicadeon-lesves-belgium","status":"publish","type":"post","link":"https:\/\/www.musicadeon.com\/index.php\/2010\/11\/30\/tete-a-tete-avec-katia-laurent-a-radio-musicadeon-lesves-belgium\/","title":{"rendered":"T\u00eate-\u00e0-t\u00eate avec \u00a0\u00bbKATIA LAURENT \u00a0\u00bb \u00e0 Radio Musicad\u00e9on Lesves (Belgium)"},"content":{"rendered":"<p><P align=center><IMG src=\"\/A\/N\/D\/katia20101203laurent01musicadeon.jpg\"><\/P><P align=center><IMG src=\"\/A\/N\/D\/katia20101203laurent1musicadeon.jpg\"><\/P><P align=center><IMG src=\"\/A\/N\/D\/katia20101203laurent2musicadeon.jpg\"><\/P><P align=center><IMG src=\"\/A\/N\/D\/katia20101203laurent3musicadeon.jpg\"><\/P><P align=center><IMG src=\"\/A\/N\/D\/livre20101103dor1katia1laurent1musicadeon.jpg\"><\/P><\/p>\n","protected":false},"excerpt":{"rendered":"","protected":false},"author":1,"featured_media":0,"comment_status":"closed","ping_status":"open","sticky":false,"template":"","format":"standard","meta":[],"categories":[3],"tags":[5],"_links":{"self":[{"href":"https:\/\/www.musicadeon.com\/index.php\/wp-json\/wp\/v2\/posts\/3373"}],"collection":[{"href":"https:\/\/www.musicadeon.com\/index.php\/wp-json\/wp\/v2\/posts"}],"about":[{"href":"https:\/\/www.musicadeon.com\/index.php\/wp-json\/wp\/v2\/types\/post"}],"author":[{"embeddable":true,"href":"https:\/\/www.musicadeon.com\/index.php\/wp-json\/wp\/v2\/users\/1"}],"replies":[{"embeddable":true,"href":"https:\/\/www.musicadeon.com\/index.php\/wp-json\/wp\/v2\/comments?post=3373"}],"version-history":[{"count":0,"href":"https:\/\/www.musicadeon.com\/index.php\/wp-json\/wp\/v2\/posts\/3373\/revisions"}],"wp:attachment":[{"href":"https:\/\/www.musicadeon.com\/index.php\/wp-json\/wp\/v2\/media?parent=3373"}],"wp:term":[{"taxonomy":"category","embeddable":true,"href":"https:\/\/www.musicadeon.com\/index.php\/wp-json\/wp\/v2\/categories?post=3373"},{"taxonomy":"post_tag","embeddable":true,"href":"https:\/\/www.musicadeon.com\/index.php\/wp-json\/wp\/v2\/tags?post=3373"}],"curies":[{"name":"wp","href":"https:\/\/api.w.org\/{rel}","templated":true}]}}