{"id":3385,"date":"2010-12-14T01:00:00","date_gmt":"2010-12-14T00:00:00","guid":{"rendered":"http:\/\/www.musicadeon.com\/index.php\/2010\/12\/14\/on-bia-cadau-po-les-fiesses\/"},"modified":"2010-12-14T01:00:00","modified_gmt":"2010-12-14T00:00:00","slug":"on-bia-cadau-po-les-fiesses","status":"publish","type":"post","link":"https:\/\/www.musicadeon.com\/index.php\/2010\/12\/14\/on-bia-cadau-po-les-fiesses\/","title":{"rendered":"On bia cadau po l\u00e8s fi\u00e8sses"},"content":{"rendered":"<p align=\"center\"> <img decoding=\"async\" src=\"\/A\/N\/D\/voyes20101214musicadeon.jpg\" \/><\/p>\n<p align=\"center\"> <img decoding=\"async\" src=\"\/A\/N\/D\/antho20101214musicadeon.jpg\" \/><\/p>\n<p>&nbsp;<\/p>\n<div align=\"center\"><font size=\"5\"><i><b><span style=\"FONT-SIZE:14pt;line-height:115%;\" lang=\"FR-BE\">On bia cadau po l\u00e8s fi\u00e8sses<\/span><\/b><\/i><\/font><\/div>\n<p style=\"TEXT-ALIGN:center;\" align=\"center\">\n<div align=\"left\"><\/div>\n<div align=\"left\"><\/div>\n<div align=\"center\"> <font size=\"5\"><i><b><span style=\"FONT-SIZE:14pt;line-height:115%;\" lang=\"FR-BE\">&nbsp;<\/span><span style=\"FONT-SIZE:12pt;line-height:115%;\" lang=\"FR-BE\"><span> <\/span>Deux publications importantes en cette fin d\u2019ann\u00e9e 2010 <\/span><\/b><\/i><\/font><\/div>\n<p style=\"TEXT-ALIGN:justify;\" align=\"left\">\n<div align=\"left\"><\/div>\n<div align=\"center\"><font size=\"5\"><i><b><span style=\"FONT-SIZE:12pt;line-height:115%;\" lang=\"FR-BE\">&nbsp;&nbsp;&nbsp;&nbsp;&nbsp; l\u2019\u00e9dition de <i>Pa tot\u00e8s strw\u00e8t\u00e8s v\u00f4yes <\/i>\u201cpar des chemins malais\u00e9s\u201d <\/span><\/b><\/i><\/font><\/div>\n<p style=\"TEXT-ALIGN:justify;\" align=\"left\">\n<div align=\"left\"><\/div>\n<div align=\"center\"><font size=\"5\"><i><b><span style=\"FONT-SIZE:12pt;line-height:115%;\" lang=\"FR-BE\">&nbsp;&nbsp;&nbsp;&nbsp;&nbsp;&nbsp;&nbsp;&nbsp;&nbsp;&nbsp;&nbsp;&nbsp;&nbsp;&nbsp;&nbsp;&nbsp;&nbsp;&nbsp;&nbsp;&nbsp;&nbsp;&nbsp;&nbsp;&nbsp;&nbsp;&nbsp;&nbsp;&nbsp;&nbsp;&nbsp;&nbsp;&nbsp;&nbsp;&nbsp;&nbsp;&nbsp;&nbsp;&nbsp;&nbsp;&nbsp;&nbsp;&nbsp;&nbsp;&nbsp;&nbsp;&nbsp;&nbsp;&nbsp;&nbsp;&nbsp;&nbsp;&nbsp;&nbsp;&nbsp;&nbsp;&nbsp;&nbsp;&nbsp;&nbsp;&nbsp;&nbsp;&nbsp;&nbsp;&nbsp;&nbsp;&nbsp;&nbsp;&nbsp;&nbsp;&nbsp; Roman d\u2019Auguste Laloux paru en feuilletons il y a 40&nbsp; ans&nbsp;&nbsp;&nbsp;&nbsp;&nbsp;&nbsp;&nbsp;&nbsp;&nbsp;&nbsp;&nbsp;&nbsp;&nbsp;&nbsp;&nbsp;&nbsp;&nbsp;&nbsp;&nbsp;&nbsp;&nbsp;&nbsp;&nbsp;&nbsp;&nbsp;&nbsp;&nbsp;&nbsp;&nbsp;&nbsp;&nbsp;&nbsp;&nbsp;&nbsp;&nbsp;&nbsp;&nbsp;&nbsp;&nbsp;&nbsp;&nbsp;&nbsp;&nbsp;&nbsp;&nbsp;&nbsp;&nbsp;&nbsp;&nbsp;&nbsp;&nbsp;&nbsp;&nbsp;&nbsp;&nbsp;&nbsp;&nbsp;&nbsp;&nbsp;&nbsp;&nbsp;&nbsp;&nbsp;&nbsp;&nbsp;&nbsp;&nbsp;&nbsp; <\/span><\/b><\/i><\/font><\/div>\n<p style=\"TEXT-ALIGN:justify;\" align=\"left\">\n<div align=\"left\"><\/div>\n<div align=\"center\"><font size=\"5\"><i><b><span style=\"FONT-SIZE:12pt;line-height:115%;\" lang=\"FR-BE\">&nbsp;&nbsp; et <i>Li quauteron d\u00e8s cint-z-ans <\/i>(\u201cle quarteron des 100 ans\u201d) <\/span><\/b><\/i><\/font><\/div>\n<p style=\"TEXT-ALIGN:justify;\" align=\"left\">\n<div align=\"left\"><\/div>\n<div align=\"center\"><font size=\"5\"><i><b><span style=\"FONT-SIZE:12pt;line-height:115%;\" lang=\"FR-BE\">&nbsp;&nbsp;&nbsp;&nbsp;&nbsp; choix de textes contemporains des <i>R\u00e8l\u00ees namurw\u00e8s<\/i> en vie le 25 f\u00e9vrier 2009, date du centenaire<i>.<\/i><\/span><\/b><\/i><\/font><\/div>\n<p style=\"TEXT-ALIGN:justify;\" align=\"left\">\n<div align=\"left\"><\/div>\n<div align=\"center\"><\/div>\n<div align=\"center\"><font size=\"5\"><i><b><span style=\"FONT-SIZE:12pt;line-height:115%;\" lang=\"FR-BE\">&nbsp;&nbsp;&nbsp;&nbsp;&nbsp;&nbsp;&nbsp;&nbsp;&nbsp;&nbsp; La traduction de <i>Pa tot\u00e8s strw\u00e8t\u00e8s v\u00f4yes <\/i>a \u00e9t\u00e9 mise sur internet<\/span><\/b><\/i><\/font><\/div>\n<p style=\"TEXT-ALIGN:justify;\" align=\"center\">\n<div align=\"center\"><\/div>\n<div align=\"center\"><\/div>\n<div align=\"justify\">\n<div align=\"center\"><font size=\"5\"><i><b><span style=\"FONT-SIZE:12pt;line-height:115%;\" lang=\"FR-BE\">&nbsp;&nbsp;&nbsp;&nbsp;&nbsp;&nbsp;&nbsp; Site de la S.L.L.W<\/span> <\/b><\/i><\/font>      <\/div>\n<p><font size=\"5\"><i><b><\/b><\/i><\/font><\/div>\n<p style=\"TEXT-ALIGN:justify;\" align=\"center\">\n<div align=\"center\"><\/div>\n<p style=\"TEXT-ALIGN:justify;\" align=\"center\">\n<div align=\"center\"><\/div>\n<div align=\"center\"><\/div>\n<div align=\"center\"><font size=\"5\"><i><b><span style=\"FONT-SIZE:12pt;line-height:115%;\" lang=\"FR-BE\">&nbsp;<i><\/i>Renseignements&nbsp;: Bernard Louis, rue Bois l\u2019\u00e9v\u00eaque, 13, 5300 Nam\u00e8che T\u00e9l.&nbsp;: 081 \/ 58 88 50<\/span><\/b><\/i><\/font><\/div>\n<p style=\"TEXT-ALIGN:justify;\" align=\"center\">\n<div align=\"center\"><\/div>\n<div align=\"center\"><font size=\"5\"><i><b><span style=\"FONT-SIZE:12pt;line-height:115%;\" lang=\"FR-BE\">&nbsp;&nbsp;&nbsp; bernardlouis@andenne.be<\/span><\/b><\/i><\/font><\/div>\n<p style=\"TEXT-ALIGN:justify;\" align=\"center\">\n","protected":false},"excerpt":{"rendered":"<p>&nbsp; On bia cadau po l\u00e8s fi\u00e8sses &nbsp; Deux publications importantes en cette fin d\u2019ann\u00e9e 2010 &nbsp;&nbsp;&nbsp;&nbsp;&nbsp; l\u2019\u00e9dition de Pa tot\u00e8s strw\u00e8t\u00e8s v\u00f4yes \u201cpar des&#8230;<\/p>\n","protected":false},"author":1,"featured_media":0,"comment_status":"closed","ping_status":"open","sticky":false,"template":"","format":"standard","meta":[],"categories":[3],"tags":[5],"_links":{"self":[{"href":"https:\/\/www.musicadeon.com\/index.php\/wp-json\/wp\/v2\/posts\/3385"}],"collection":[{"href":"https:\/\/www.musicadeon.com\/index.php\/wp-json\/wp\/v2\/posts"}],"about":[{"href":"https:\/\/www.musicadeon.com\/index.php\/wp-json\/wp\/v2\/types\/post"}],"author":[{"embeddable":true,"href":"https:\/\/www.musicadeon.com\/index.php\/wp-json\/wp\/v2\/users\/1"}],"replies":[{"embeddable":true,"href":"https:\/\/www.musicadeon.com\/index.php\/wp-json\/wp\/v2\/comments?post=3385"}],"version-history":[{"count":0,"href":"https:\/\/www.musicadeon.com\/index.php\/wp-json\/wp\/v2\/posts\/3385\/revisions"}],"wp:attachment":[{"href":"https:\/\/www.musicadeon.com\/index.php\/wp-json\/wp\/v2\/media?parent=3385"}],"wp:term":[{"taxonomy":"category","embeddable":true,"href":"https:\/\/www.musicadeon.com\/index.php\/wp-json\/wp\/v2\/categories?post=3385"},{"taxonomy":"post_tag","embeddable":true,"href":"https:\/\/www.musicadeon.com\/index.php\/wp-json\/wp\/v2\/tags?post=3385"}],"curies":[{"name":"wp","href":"https:\/\/api.w.org\/{rel}","templated":true}]}}