{"id":3403,"date":"2010-12-21T01:00:00","date_gmt":"2010-12-21T00:00:00","guid":{"rendered":"http:\/\/www.musicadeon.com\/index.php\/2010\/12\/21\/accords-des-montagnes-programme-de-ledition-2011\/"},"modified":"2010-12-21T01:00:00","modified_gmt":"2010-12-21T00:00:00","slug":"accords-des-montagnes-programme-de-ledition-2011","status":"publish","type":"post","link":"https:\/\/www.musicadeon.com\/index.php\/2010\/12\/21\/accords-des-montagnes-programme-de-ledition-2011\/","title":{"rendered":"\u00a0\u00bbAccords des Montagnes\u00a0\u00bb Programme de l&rsquo;\u00e9dition 2011"},"content":{"rendered":"<div class=\"article_row cols2 clearfix\">\n<div class=\"article_column column1\">\n<div class=\"contentpaneopen\">\n<h2 class=\"contentheading\">Dimanche 16 Janvier 2011      <\/h2>\n<div class=\"article-content\">\n<ul>\n<li><b>11h : OUVERTURE<\/b>,&nbsp; avec une pl\u00e9iade d&rsquo;accord\u00e9onistes et les membres de \u00ab\u00a0Passion accord\u00e9ons\u00a0\u00bb,&nbsp;\u00e9l\u00e8ves de A.BALANDIER&nbsp;\n<ul>\n<li>&nbsp;<i>Animation dans les rues, Commerces en musique<\/i>&nbsp;<\/li>\n<\/ul>\n<\/li>\n<li><b>15h : GRAND GALA DANSANT<\/b>,&nbsp; avec les artistes nationaux et internationaux, Exposition des accord\u00e9ons de France MAUGEIN\n<ul>\n<li>&nbsp;<i>Halle des congr\u00e8s<\/i><\/li>\n<\/ul>\n<\/li>\n<li><b>19h30 : GRAND GALA DANSANT &#8211; Finale<\/b>,&nbsp; avec tous&nbsp;les artistes sur sc\u00e8ne\n<ul>\n<li>&nbsp;<i>Halle des congr\u00e8s<\/i><\/li>\n<\/ul>\n<\/li>\n<\/ul><\/div>\n<\/p><\/div>\n<\/p><\/div>\n<div class=\"article_column column2\">\n<div class=\"contentpaneopen\">\n<h2 class=\"contentheading\">Lundi 17 Janvier 2011      <\/h2>\n<div class=\"article-content\">\n<ul>\n<li><b>19h30 : Soufflet aux notes<\/b> &#8211; Repas en musique&nbsp;&nbsp;\n<ul>\n<li><i>Auberge des skieurs avec <b>J\u00e9r\u00f4me RICHARD, Andr\u00e9 LOPPE,Fr\u00e9d\u00e9ric BUCH et Nuits Bleues<\/b><\/i><\/li>\n<li><i>Les Chatelmin\u00e9s avec <b>Christophe JEANMOUGIN,Fabien VEYRIRAS et Jean-Robert CHAPPELET<\/b><\/i><\/li>\n<\/ul>\n<\/li>\n<\/ul><\/div>\n<\/p><\/div>\n<\/p><\/div>\n<\/div>\n<div class=\"article_row cols2 clearfix\">\n<div class=\"article_column column1\">\n<div class=\"contentpaneopen\">\n<h2 class=\"contentheading\">Mardi 18 Janvier 2011      <\/h2>\n<div class=\"article-content\">\n<ul>\n<li><b>19h : Ap\u00e9ri-Ski <\/b>\n<ul>\n<li><i>Tous les hotels restaurants partenaires<\/i><\/li>\n<\/ul>\n<\/li>\n<li><b>20h30 : Concert d\u00e9couverte <\/b>a la Salle des f\u00eates avec :&nbsp;\n<ul>\n<li><i>Il \u00e9tait une fois BREL : un duo chant-accord\u00e9on retra&ccedil;ant l&rsquo;oeuvre de Jacques BREL <\/i><\/li>\n<li><i>Bac + Zinc : Les plus belles chansons du patrimoine fran&ccedil;ais, valse musette, manouche &#8230; <\/i><\/li>\n<li><i>J\u00e9r\u00f4me RICHARD : l&rsquo;accord\u00e9on du classique \u00e0 la vari\u00e9t\u00e9<\/i><\/li>\n<\/ul>\n<\/li>\n<\/ul><\/div>\n<\/p><\/div>\n<\/p><\/div>\n<div class=\"article_column column2\">\n<div class=\"contentpaneopen\">\n<h2 class=\"contentheading\">Mercredi 19 Janvier 2011      <\/h2>\n<div class=\"article-content\">\n<ul>\n<li><b>19h30 : Soufflet aux notes &#8211;<\/b> Repas en musique\n<ul>\n<li>Chalet des Roches avec <b>Andr\u00e9 LOPPE<\/b>, <b>Jean-Robert CHAPPELET<\/b> et <b>Fabien VEYRIRAS<\/b><\/li>\n<li>Auberge le Couchtetat avec <b>Fr\u00e9d\u00e9ric BUCH<\/b>, <b>Christophe JEANBOUGIN<\/b> et <b>Nuits Bleues<\/b><\/li>\n<\/ul>\n<\/li>\n<\/ul><\/div>\n<\/p><\/div>\n<\/p><\/div>\n<\/div>\n<div class=\"article_row cols2 clearfix\">\n<div class=\"article_column column1\">\n<div class=\"contentpaneopen\">\n<h2 class=\"contentheading\">Jeudi 20 Janvier 2011      <\/h2>\n<div class=\"article-content\">\n<ul>\n<li><b>15h : Th\u00e9 Dansant <\/b>avec les artistes invit\u00e9s et une pl\u00e9iade d&rsquo;artistes r\u00e9gionaux :<i> <b>Alberto GARZIA, Arnaud LACROIX, Bernard MIRGAIN, Christian SAINTPERE<\/b><\/i> &#8230;\n<ul>\n<li><i>Halle des congr\u00e9s<\/i><\/li>\n<\/ul>\n<\/li>\n<li><b>19h30 : Final<\/b> avec l&rsquo;ensemble des artistes sur sc\u00e8nes<\/li>\n<li><b>20h00 : Soufflet aux notes<\/b> &#8211; Repas en musique\n<ul>\n<li><i>Restaurant l&rsquo;Ibis avec <b>Andr\u00e9 LOPPE<\/b> et <b>Christophe JEANMOUGIN<\/b><\/i><\/li>\n<li><i>Restaurant les Vall\u00e9s avec <b>Fabien VEYRIRAS<\/b> et <b>Nuits Bleues<\/b><\/i><\/li>\n<\/ul>\n<\/li>\n<\/ul><\/div>\n<\/p><\/div>\n<\/p><\/div>\n<div class=\"article_column column2\">\n<div class=\"contentpaneopen\">\n<h2 class=\"contentheading\">Vendredi 21 Janvier 2011      <\/h2>\n<div class=\"article-content\">\n<ul>\n<li><b>20h30 : Final festive avec trois groupes<\/b>\n<ul>\n<li><i>Bar Bowling <\/i><\/li>\n<li><i>Le Sim Bar<\/i><\/li>\n<li><i>Chez T\u00e9tin<\/i><\/li>\n<\/ul>\n<\/li>\n<\/ul><\/div>\n<\/p><\/div>\n<\/p><\/div>\n<\/div>\n","protected":false},"excerpt":{"rendered":"<p>Dimanche 16 Janvier 2011 11h : OUVERTURE,&nbsp; avec une pl\u00e9iade d&rsquo;accord\u00e9onistes et les membres de \u00ab\u00a0Passion accord\u00e9ons\u00a0\u00bb,&nbsp;\u00e9l\u00e8ves de A.BALANDIER&nbsp; &nbsp;Animation dans les rues, Commerces en&#8230;<\/p>\n","protected":false},"author":1,"featured_media":0,"comment_status":"closed","ping_status":"open","sticky":false,"template":"","format":"standard","meta":[],"categories":[3],"tags":[5],"_links":{"self":[{"href":"https:\/\/www.musicadeon.com\/index.php\/wp-json\/wp\/v2\/posts\/3403"}],"collection":[{"href":"https:\/\/www.musicadeon.com\/index.php\/wp-json\/wp\/v2\/posts"}],"about":[{"href":"https:\/\/www.musicadeon.com\/index.php\/wp-json\/wp\/v2\/types\/post"}],"author":[{"embeddable":true,"href":"https:\/\/www.musicadeon.com\/index.php\/wp-json\/wp\/v2\/users\/1"}],"replies":[{"embeddable":true,"href":"https:\/\/www.musicadeon.com\/index.php\/wp-json\/wp\/v2\/comments?post=3403"}],"version-history":[{"count":0,"href":"https:\/\/www.musicadeon.com\/index.php\/wp-json\/wp\/v2\/posts\/3403\/revisions"}],"wp:attachment":[{"href":"https:\/\/www.musicadeon.com\/index.php\/wp-json\/wp\/v2\/media?parent=3403"}],"wp:term":[{"taxonomy":"category","embeddable":true,"href":"https:\/\/www.musicadeon.com\/index.php\/wp-json\/wp\/v2\/categories?post=3403"},{"taxonomy":"post_tag","embeddable":true,"href":"https:\/\/www.musicadeon.com\/index.php\/wp-json\/wp\/v2\/tags?post=3403"}],"curies":[{"name":"wp","href":"https:\/\/api.w.org\/{rel}","templated":true}]}}