{"id":3436,"date":"2010-12-28T01:00:00","date_gmt":"2010-12-28T00:00:00","guid":{"rendered":"http:\/\/www.musicadeon.com\/index.php\/2010\/12\/28\/le-calendrier-des-invites-de-radio-musicadeon-en-direct-5\/"},"modified":"2010-12-28T01:00:00","modified_gmt":"2010-12-28T00:00:00","slug":"le-calendrier-des-invites-de-radio-musicadeon-en-direct-5","status":"publish","type":"post","link":"https:\/\/www.musicadeon.com\/index.php\/2010\/12\/28\/le-calendrier-des-invites-de-radio-musicadeon-en-direct-5\/","title":{"rendered":"Le calendrier des invit\u00e9s de \u00a0\u00bbRADIO MUSICADEON\u00a0\u00bb en (DIRECT)"},"content":{"rendered":"<p><font size=\"+1\"><font size=\"4\"><font size=\"4\"><i><b><font color=\"#000\">Radio musicad\u00e9on a le plaisir de recevoir en \u00ab\u00a0<\/font><font style=\"background-COLOR:rgb(255, 0, 0);\" size=\"5\" color=\"#fff\"><u>DIRECT<\/u><\/font><\/b><\/i><font color=\"#000\">\u00a0\u00bb <b><i>dans son studio les invit\u00e9s suivants:<\/i><\/b><\/font><\/font> <\/font><\/font><\/p>\n<p><font size=\"+1\"><font size=\"4\"><b><i><font size=\"5\"><font color=\"#996600\">* Le vendredi <\/font><font color=\"#009900\">?<\/font><font color=\"#996600\"> \u00e0 19H l&rsquo;accord\u00e9oniste&nbsp; \u00ab\u00a0<\/font><font color=\"#0000ff\">?<\/font><font color=\"#996600\">\u00ab\u00a0<\/font><\/font><\/i><\/b><\/font><\/font><\/p>\n<p><b><font size=\"6\">&nbsp;<a href=\"http:\/\/www.radio.musicadeon.com\">http:\/\/radio.musicadeon.com\/<\/a><\/font><\/b><\/p>\n<p><font size=\"+1\"><font size=\"4\"><font size=\"5\"><font size=\"5\"><b><i><font style=\"background-COLOR:rgb(51, 204, 255);\" color=\"#000\">N&deg; d&rsquo;appel pour l&rsquo;\u00e9mission 0032(0)475.20.58.04<\/font><\/i><\/b><\/font><\/font> <\/font><\/font><font size=\"+1\"><font size=\"4\"> <\/font><\/font><\/p>\n<p><font size=\"+1\"><font size=\"4\"><b><\/b> <\/font><\/font><\/p>\n<p align=\"center\"><font size=\"+1\"><font size=\"4\"><b><img decoding=\"async\" src=\"\/A\/N\/D\/radio1musicadeon20060812.jpg\" \/><\/b> <\/font><\/font><\/p>\n<p>&nbsp;<\/p>\n<p><font size=\"+1\"><font size=\"4\"><b><i><font size=\"5\"><font color=\"#996600\">* Le vendredi <\/font><font color=\"#009900\">21 Janvier<\/font><font color=\"#996600\"> \u00e0 19H le chanteur&nbsp; \u00ab\u00a0<\/font><\/font><\/i><\/b><\/font><\/font><em style=\"COLOR:rgb(31, 108, 255);\"><font size=\"5\"><b>LUDO CLOCLO<\/b><\/font><\/i> <font size=\"+1\"><font size=\"4\"><b><i><font size=\"5\"><font color=\"#996600\">\u00ab\u00a0<\/font><\/font><\/i><\/b><\/font><\/font><\/p>\n<p><font size=\"+1\"><font size=\"4\"><font size=\"4\"><font><font size=\"4\"><font size=\"4\"><font size=\"4\"><font size=\"4\"><font size=\"4\"><font><font size=\"4\"><font size=\"4\"><font size=\"4\"><font size=\"4\"><font size=\"4\"><font><font size=\"4\"><font size=\"4\"><font><font><font><font><font><font size=\"4\"><font size=\"4\"><font><font size=\"4\"><font size=\"4\"><b><i><font size=\"5\"><font color=\"#996600\">* Le vendredi <\/font><font color=\"#009900\">20 Mai<\/font><font color=\"#996600\"> \u00e0 19H la chanteuse \u00ab\u00a0<\/font><font color=\"#0033ff\">VALERIANE LAVI <\/font><font color=\"#996600\">\u00ab\u00a0<\/font><\/font><\/i><\/b><\/font><\/font><\/font><\/font><\/font><\/font><\/font><\/font><\/font><\/font><\/font><\/font><\/font><\/font><\/font><\/font><\/font><\/font><\/font><\/font><\/font><\/font><\/font><\/font><\/font><\/font><\/font><\/font><\/p>\n<p><font size=\"+1\"><font size=\"4\"><font size=\"4\"><font><font size=\"4\"><font size=\"4\"><font size=\"4\"><font size=\"4\"><font size=\"4\"><font><font size=\"4\"><font size=\"4\"><font size=\"4\"><font size=\"4\"><font size=\"4\"><font><font size=\"4\"><font size=\"4\"><font><font><font><font><font><font size=\"4\"><font size=\"4\"><font><font size=\"4\"><font size=\"4\"><b><i><font size=\"5\"><font color=\"#996600\">* Le vendredi <\/font><font color=\"#009900\">19 Ao\u00fbt<\/font><font color=\"#996600\"> \u00e0 19H la chanteuse \u00ab\u00a0<\/font><\/font><\/i><\/b><\/font><\/font><\/font><\/font><\/font><\/font><\/font><\/font><\/font><\/font><\/font><\/font><\/font><\/font><\/font><\/font><\/font><\/font><\/font><\/font><\/font><\/font><\/font><\/font><\/font><\/font><\/font><\/font><strong style=\"COLOR:rgb(90, 92, 255);\"><font size=\"5\">YAEL ZEN<\/font><\/b><font size=\"+1\"><font size=\"4\"><font size=\"4\"><font><font size=\"4\"><font size=\"4\"><font size=\"4\"><font size=\"4\"><font size=\"4\"><font><font size=\"4\"><font size=\"4\"><font size=\"4\"><font size=\"4\"><font size=\"4\"><font><font size=\"4\"><font size=\"4\"><font><font><font><font><font><font size=\"4\"><font size=\"4\"><font><font size=\"4\"><font size=\"4\"><b><i><font size=\"5\"><font color=\"#996600\">\u00ab\u00a0<\/font><\/font><\/i><\/b><\/font><\/font><\/font><\/font><\/font><\/font><\/font><\/font><\/font><\/font><\/font><\/font><\/font><\/font><\/font><\/font><\/font><\/font><\/font><\/font><\/font><\/font><\/font><\/font><\/font><\/font><\/font><\/font><\/p>\n<p><font size=\"+1\"><font size=\"4\"><font size=\"4\"><font><font size=\"4\"><font size=\"4\"><font size=\"4\"><font size=\"4\"><font size=\"4\"><font><font size=\"4\"><font size=\"4\"><font size=\"4\"><font size=\"4\"><font size=\"4\"><font><font size=\"4\"><font size=\"4\"><font><font><font><font><font><font size=\"4\"><font size=\"4\"><font><font size=\"4\"><font size=\"4\"><b><i><font size=\"5\"><font color=\"#996600\">* Le vendredi <\/font><font color=\"#009900\">2 Septembre<\/font><font color=\"#996600\"> \u00e0 19H le chanteur \u00ab\u00a0<\/font><\/font><\/i><\/b><\/font><\/font><\/font><\/font><\/font><\/font><\/font><\/font><\/font><\/font><\/font><\/font><\/font><\/font><\/font><\/font><\/font><\/font><\/font><\/font><\/font><\/font><\/font><\/font><\/font><\/font><\/font><\/font><strong style=\"COLOR:rgb(90, 92, 255);\"><font size=\"5\">GAETAN MARINO<\/font><\/b><font size=\"+1\"><font size=\"4\"><font size=\"4\"><font><font size=\"4\"><font size=\"4\"><font size=\"4\"><font size=\"4\"><font size=\"4\"><font><font size=\"4\"><font size=\"4\"><font size=\"4\"><font size=\"4\"><font size=\"4\"><font><font size=\"4\"><font size=\"4\"><font><font><font><font><font><font size=\"4\"><font size=\"4\"><font><font size=\"4\"><font size=\"4\"><b><i><font size=\"5\"><font color=\"#996600\">\u00ab\u00a0<\/font><\/font><\/i><\/b><\/font><\/font><\/font><\/font><\/font><\/font><\/font><\/font><\/font><\/font><\/font><\/font><\/font><\/font><\/font><\/font><\/font><\/font><\/font><\/font><\/font><\/font><\/font><\/font><\/font><\/font><\/font><\/font><\/p>\n<p><font size=\"+1\"><font size=\"4\"><font size=\"4\"><font><font size=\"4\"><font size=\"4\"><font size=\"4\"><font size=\"4\"><font size=\"4\"><font><font size=\"4\"><font size=\"4\"><font size=\"4\"><font size=\"4\"><font size=\"4\"><font><font size=\"4\"><font size=\"4\"><font><font><font><font><font><font size=\"4\"><font size=\"4\"><font><font size=\"4\"><font size=\"4\"><b><i><font size=\"5\"><font color=\"#996600\">* Le vendredi <\/font><font color=\"#009900\">9 Septembre<\/font><font color=\"#996600\"> \u00e0 19H la chanteuse \u00ab\u00a0<\/font><\/font><\/i><\/b><\/font><\/font><\/font><\/font><\/font><\/font><\/font><\/font><\/font><\/font><\/font><\/font><\/font><\/font><\/font><\/font><\/font><\/font><\/font><\/font><\/font><\/font><\/font><\/font><\/font><\/font><\/font><\/font><strong style=\"COLOR:rgb(90, 92, 255);\"><font size=\"5\">LAURIANE<\/font><\/b><font size=\"+1\"><font size=\"4\"><font size=\"4\"><font><font size=\"4\"><font size=\"4\"><font size=\"4\"><font size=\"4\"><font size=\"4\"><font><font size=\"4\"><font size=\"4\"><font size=\"4\"><font size=\"4\"><font size=\"4\"><font><font size=\"4\"><font size=\"4\"><font><font><font><font><font><font size=\"4\"><font size=\"4\"><font><font size=\"4\"><font size=\"4\"><b><i><font size=\"5\"><font color=\"#996600\">\u00ab\u00a0<\/font><\/font><\/i><\/b><\/font><\/font><\/font><\/font><\/font><\/font><\/font><\/font><\/font><\/font><\/font><\/font><\/font><\/font><\/font><\/font><\/font><\/font><\/font><\/font><\/font><\/font><\/font><\/font><\/font><\/font><\/font><\/font><\/p>\n<p><font size=\"+1\"><font size=\"4\"><font size=\"4\"><font><font size=\"4\"><font size=\"4\"><font size=\"4\"><font size=\"4\"><font size=\"4\"><font><font size=\"4\"><font size=\"4\"><font size=\"4\"><font size=\"4\"><font size=\"4\"><font><font size=\"4\"><font size=\"4\"><font><font><font><font><font><font size=\"4\"><font size=\"4\"><font><font size=\"4\"><font size=\"4\"><b><i><font size=\"5\"><font color=\"#996600\">* Le vendredi&nbsp;<\/font><font color=\"#009900\"> 4 Novembre<\/font><font color=\"#996600\"> \u00e0 19H&nbsp; \u00ab\u00a0<\/font><\/font><\/i><\/b><\/font><\/font><\/font><\/font><\/font><\/font><\/font><\/font><\/font><\/font><\/font><\/font><\/font><\/font><\/font><\/font><\/font><\/font><\/font><\/font><\/font><\/font><\/font><\/font><\/font><\/font><\/font><\/font><strong style=\"COLOR:rgb(90, 92, 255);\"><font size=\"5\">CHARLY LOWICE<\/font><\/b><font size=\"+1\"><font size=\"4\"><font size=\"4\"><font><font size=\"4\"><font size=\"4\"><font size=\"4\"><font size=\"4\"><font size=\"4\"><font><font size=\"4\"><font size=\"4\"><font size=\"4\"><font size=\"4\"><font size=\"4\"><font><font size=\"4\"><font size=\"4\"><font><font><font><font><font><font size=\"4\"><font size=\"4\"><font><font size=\"4\"><font size=\"4\"><b><i><font size=\"5\"><font color=\"#996600\">\u00ab\u00a0<\/font><\/font><\/i><\/b><\/font><\/font><\/font><\/font><\/font><\/font><\/font><\/font><\/font><\/font><\/font><\/font><\/font><\/font><\/font><\/font><\/font><\/font><\/font><\/font><\/font><\/font><\/font><\/font><\/font><\/font><\/font><\/font><\/p>\n<p><font size=\"+1\"><font size=\"4\"><font size=\"4\"><font><font size=\"4\"><font size=\"4\"><font size=\"4\"><font size=\"4\"><font size=\"4\"><font><font size=\"4\"><font size=\"4\"><font size=\"4\"><font size=\"4\"><font size=\"4\"><font><font size=\"4\"><font size=\"4\"><font><font><font><font><font><font size=\"4\"><font size=\"4\"><font><font size=\"4\"><font size=\"4\"><b><i><font size=\"5\"><font color=\"#996600\">* Le vendredi&nbsp;<\/font><font color=\"#009900\"> 9 Decembre<\/font><font color=\"#996600\"> \u00e0 19H&nbsp; \u00ab\u00a0<\/font><\/font><\/i><\/b><\/font><\/font><\/font><\/font><\/font><\/font><\/font><\/font><\/font><\/font><\/font><\/font><\/font><\/font><\/font><\/font><\/font><\/font><\/font><\/font><\/font><\/font><\/font><\/font><\/font><\/font><\/font><\/font><strong style=\"COLOR:rgb(90, 92, 255);\"><font size=\"5\">CHARLE MASSAUX<\/font><\/b><font size=\"+1\"><font size=\"4\"><font size=\"4\"><font><font size=\"4\"><font size=\"4\"><font size=\"4\"><font size=\"4\"><font size=\"4\"><font><font size=\"4\"><font size=\"4\"><font size=\"4\"><font size=\"4\"><font size=\"4\"><font><font size=\"4\"><font size=\"4\"><font><font><font><font><font><font size=\"4\"><font size=\"4\"><font><font size=\"4\"><font size=\"4\"><b><i><font size=\"5\"><font color=\"#996600\">\u00ab\u00a0<\/font><\/font><\/i><\/b><\/font><\/font><\/font><\/font><\/font><\/font><\/font><\/font><\/font><\/font><\/font><\/font><\/font><\/font><\/font><\/font><\/font><\/font><\/font><\/font><\/font><\/font><\/font><\/font><\/font><\/font><\/font><\/font><\/p>\n<p>&nbsp;<\/p>\n<p>&nbsp;<\/p>\n<p>&nbsp;<\/p>\n<p>&nbsp;  <\/p>\n<\/p>\n<p>&nbsp;<\/p>\n","protected":false},"excerpt":{"rendered":"<p>Radio musicad\u00e9on a le plaisir de recevoir en \u00ab\u00a0DIRECT\u00a0\u00bb dans son studio les invit\u00e9s suivants: * Le vendredi ? \u00e0 19H l&rsquo;accord\u00e9oniste&nbsp; \u00ab\u00a0?\u00ab\u00a0 &nbsp;http:\/\/radio.musicadeon.com\/ N&deg;&#8230;<\/p>\n","protected":false},"author":1,"featured_media":0,"comment_status":"closed","ping_status":"open","sticky":false,"template":"","format":"standard","meta":[],"categories":[3],"tags":[5],"_links":{"self":[{"href":"https:\/\/www.musicadeon.com\/index.php\/wp-json\/wp\/v2\/posts\/3436"}],"collection":[{"href":"https:\/\/www.musicadeon.com\/index.php\/wp-json\/wp\/v2\/posts"}],"about":[{"href":"https:\/\/www.musicadeon.com\/index.php\/wp-json\/wp\/v2\/types\/post"}],"author":[{"embeddable":true,"href":"https:\/\/www.musicadeon.com\/index.php\/wp-json\/wp\/v2\/users\/1"}],"replies":[{"embeddable":true,"href":"https:\/\/www.musicadeon.com\/index.php\/wp-json\/wp\/v2\/comments?post=3436"}],"version-history":[{"count":0,"href":"https:\/\/www.musicadeon.com\/index.php\/wp-json\/wp\/v2\/posts\/3436\/revisions"}],"wp:attachment":[{"href":"https:\/\/www.musicadeon.com\/index.php\/wp-json\/wp\/v2\/media?parent=3436"}],"wp:term":[{"taxonomy":"category","embeddable":true,"href":"https:\/\/www.musicadeon.com\/index.php\/wp-json\/wp\/v2\/categories?post=3436"},{"taxonomy":"post_tag","embeddable":true,"href":"https:\/\/www.musicadeon.com\/index.php\/wp-json\/wp\/v2\/tags?post=3436"}],"curies":[{"name":"wp","href":"https:\/\/api.w.org\/{rel}","templated":true}]}}