{"id":3441,"date":"2011-01-04T01:00:00","date_gmt":"2011-01-04T00:00:00","guid":{"rendered":"http:\/\/www.musicadeon.com\/index.php\/2011\/01\/04\/a-vos-agendas-01-08-2011\/"},"modified":"2011-01-04T01:00:00","modified_gmt":"2011-01-04T00:00:00","slug":"a-vos-agendas-01-08-2011","status":"publish","type":"post","link":"https:\/\/www.musicadeon.com\/index.php\/2011\/01\/04\/a-vos-agendas-01-08-2011\/","title":{"rendered":"\u00c0 vos agendas (01-08-2011)"},"content":{"rendered":"<p>Le lundi 1 ao\u00fbt 2011 \u00e0 11h30  \u00ab\u00a0Se d\u00e9roule \u00e0 Marche-lez-Ecaussinnes la f\u00eate de la bi\u00e8re 2000 visiteurs \u00a0\u00bb  (Belgique) retrouvez la princesse de l&rsquo;accord\u00e9on <a href=\"http:\/\/www.erika.be\" target=\"_blank\" rel=\"noopener noreferrer\">Erika<\/a> &#038; Jean-Marie Info: 0032(0)475.20.58.04<\/p>\n","protected":false},"excerpt":{"rendered":"<p>Le lundi 1 ao\u00fbt 2011 \u00e0 11h30 \u00ab\u00a0Se d\u00e9roule \u00e0 Marche-lez-Ecaussinnes la f\u00eate de la bi\u00e8re 2000 visiteurs \u00a0\u00bb (Belgique) retrouvez la princesse de l&rsquo;accord\u00e9on&#8230;<\/p>\n","protected":false},"author":1,"featured_media":0,"comment_status":"closed","ping_status":"open","sticky":false,"template":"","format":"standard","meta":[],"categories":[1],"tags":[],"_links":{"self":[{"href":"https:\/\/www.musicadeon.com\/index.php\/wp-json\/wp\/v2\/posts\/3441"}],"collection":[{"href":"https:\/\/www.musicadeon.com\/index.php\/wp-json\/wp\/v2\/posts"}],"about":[{"href":"https:\/\/www.musicadeon.com\/index.php\/wp-json\/wp\/v2\/types\/post"}],"author":[{"embeddable":true,"href":"https:\/\/www.musicadeon.com\/index.php\/wp-json\/wp\/v2\/users\/1"}],"replies":[{"embeddable":true,"href":"https:\/\/www.musicadeon.com\/index.php\/wp-json\/wp\/v2\/comments?post=3441"}],"version-history":[{"count":0,"href":"https:\/\/www.musicadeon.com\/index.php\/wp-json\/wp\/v2\/posts\/3441\/revisions"}],"wp:attachment":[{"href":"https:\/\/www.musicadeon.com\/index.php\/wp-json\/wp\/v2\/media?parent=3441"}],"wp:term":[{"taxonomy":"category","embeddable":true,"href":"https:\/\/www.musicadeon.com\/index.php\/wp-json\/wp\/v2\/categories?post=3441"},{"taxonomy":"post_tag","embeddable":true,"href":"https:\/\/www.musicadeon.com\/index.php\/wp-json\/wp\/v2\/tags?post=3441"}],"curies":[{"name":"wp","href":"https:\/\/api.w.org\/{rel}","templated":true}]}}