{"id":3445,"date":"2011-01-06T01:00:00","date_gmt":"2011-01-06T00:00:00","guid":{"rendered":"http:\/\/www.musicadeon.com\/index.php\/2011\/01\/06\/deces-de-notre-ami-patrick-sengers-overlijden-van-patrick-sengers\/"},"modified":"2011-01-06T01:00:00","modified_gmt":"2011-01-06T00:00:00","slug":"deces-de-notre-ami-patrick-sengers-overlijden-van-patrick-sengers","status":"publish","type":"post","link":"https:\/\/www.musicadeon.com\/index.php\/2011\/01\/06\/deces-de-notre-ami-patrick-sengers-overlijden-van-patrick-sengers\/","title":{"rendered":"D\u00e9c\u00e8s de notre ami PATRICK SENGERS -Overlijden van PATRICK SENGERS"},"content":{"rendered":"<p><strong style=\"COLOR:rgb(172, 16, 255);\">PATRICK SENGERS NOUS A QUITTES CETTE NUIT NOUS VENONS DE PERDRE UN DES PLUS GRANDS ACCORDEONISTES BELGES<\/p>\n<p>Patrick repose au fun\u00e9rarium Saint Pierre \u00e0 Mouscron tous les jours sauf le dimanche de 9h \u00e018h et le samedi jusque 17h.<br \/>La cr\u00e9mation se d\u00e9roulera ce lundi 10 janvier \u00e0 10h15 au Cr\u00e9matorium de Wattrelos (France)<\/p>\n<p>L&rsquo;\u00e9quipe de musicad\u00e9on pr\u00e9sente les plus sinc\u00e8re condol\u00e9ances<\/p>\n<p>Laissez votre message \u00e0 ses proches&#8230;&nbsp; <\/b><strong style=\"COLOR:rgb(172, 16, 255);\">sur le livre d&rsquo;or<\/b><br \/><strong style=\"COLOR:rgb(172, 16, 255);\"><br \/>Laat uw boodschap na&#8230;<br \/><\/b><P align=center><IMG src=\"\/A\/N\/D\/sengers20110106musicadeon.jpg\"><\/P><\/p>\n","protected":false},"excerpt":{"rendered":"<p>PATRICK SENGERS NOUS A QUITTES CETTE NUIT NOUS VENONS DE PERDRE UN DES PLUS GRANDS ACCORDEONISTES BELGES Patrick repose au fun\u00e9rarium Saint Pierre \u00e0 Mouscron&#8230;<\/p>\n","protected":false},"author":1,"featured_media":0,"comment_status":"closed","ping_status":"open","sticky":false,"template":"","format":"standard","meta":[],"categories":[3],"tags":[5],"_links":{"self":[{"href":"https:\/\/www.musicadeon.com\/index.php\/wp-json\/wp\/v2\/posts\/3445"}],"collection":[{"href":"https:\/\/www.musicadeon.com\/index.php\/wp-json\/wp\/v2\/posts"}],"about":[{"href":"https:\/\/www.musicadeon.com\/index.php\/wp-json\/wp\/v2\/types\/post"}],"author":[{"embeddable":true,"href":"https:\/\/www.musicadeon.com\/index.php\/wp-json\/wp\/v2\/users\/1"}],"replies":[{"embeddable":true,"href":"https:\/\/www.musicadeon.com\/index.php\/wp-json\/wp\/v2\/comments?post=3445"}],"version-history":[{"count":0,"href":"https:\/\/www.musicadeon.com\/index.php\/wp-json\/wp\/v2\/posts\/3445\/revisions"}],"wp:attachment":[{"href":"https:\/\/www.musicadeon.com\/index.php\/wp-json\/wp\/v2\/media?parent=3445"}],"wp:term":[{"taxonomy":"category","embeddable":true,"href":"https:\/\/www.musicadeon.com\/index.php\/wp-json\/wp\/v2\/categories?post=3445"},{"taxonomy":"post_tag","embeddable":true,"href":"https:\/\/www.musicadeon.com\/index.php\/wp-json\/wp\/v2\/tags?post=3445"}],"curies":[{"name":"wp","href":"https:\/\/api.w.org\/{rel}","templated":true}]}}