{"id":357,"date":"2002-12-11T01:00:00","date_gmt":"2002-12-11T00:00:00","guid":{"rendered":"http:\/\/www.musicadeon.com\/index.php\/2002\/12\/11\/a-vos-agendas-23-04-2003\/"},"modified":"2002-12-11T01:00:00","modified_gmt":"2002-12-11T00:00:00","slug":"a-vos-agendas-23-04-2003","status":"publish","type":"post","link":"https:\/\/www.musicadeon.com\/index.php\/2002\/12\/11\/a-vos-agendas-23-04-2003\/","title":{"rendered":"\u00c0 vos agendas (23-04-2003)"},"content":{"rendered":"<p>le MERCREDI 23 avril \u00e0 14h retrouvez Tempo pour un th\u00e9 dansant en la salle <a href=\"http:\/\/www.cecoco.be\" target=\"_blank\" rel=\"noopener noreferrer\">CECOCO<\/a> Ciney (BELGIQUE) info:++32(0)83.21.65.65<\/p>\n","protected":false},"excerpt":{"rendered":"<p>le MERCREDI 23 avril \u00e0 14h retrouvez Tempo pour un th\u00e9 dansant en la salle CECOCO Ciney (BELGIQUE) info:++32(0)83.21.65.65<\/p>\n","protected":false},"author":1,"featured_media":0,"comment_status":"closed","ping_status":"open","sticky":false,"template":"","format":"standard","meta":[],"categories":[1],"tags":[],"_links":{"self":[{"href":"https:\/\/www.musicadeon.com\/index.php\/wp-json\/wp\/v2\/posts\/357"}],"collection":[{"href":"https:\/\/www.musicadeon.com\/index.php\/wp-json\/wp\/v2\/posts"}],"about":[{"href":"https:\/\/www.musicadeon.com\/index.php\/wp-json\/wp\/v2\/types\/post"}],"author":[{"embeddable":true,"href":"https:\/\/www.musicadeon.com\/index.php\/wp-json\/wp\/v2\/users\/1"}],"replies":[{"embeddable":true,"href":"https:\/\/www.musicadeon.com\/index.php\/wp-json\/wp\/v2\/comments?post=357"}],"version-history":[{"count":0,"href":"https:\/\/www.musicadeon.com\/index.php\/wp-json\/wp\/v2\/posts\/357\/revisions"}],"wp:attachment":[{"href":"https:\/\/www.musicadeon.com\/index.php\/wp-json\/wp\/v2\/media?parent=357"}],"wp:term":[{"taxonomy":"category","embeddable":true,"href":"https:\/\/www.musicadeon.com\/index.php\/wp-json\/wp\/v2\/categories?post=357"},{"taxonomy":"post_tag","embeddable":true,"href":"https:\/\/www.musicadeon.com\/index.php\/wp-json\/wp\/v2\/tags?post=357"}],"curies":[{"name":"wp","href":"https:\/\/api.w.org\/{rel}","templated":true}]}}