{"id":3641,"date":"2012-05-23T02:00:00","date_gmt":"2012-05-23T00:00:00","guid":{"rendered":"http:\/\/www.musicadeon.com\/index.php\/2012\/05\/23\/the-dansant-expo-theatre-a-profondeville-belgique\/"},"modified":"2012-05-23T02:00:00","modified_gmt":"2012-05-23T00:00:00","slug":"the-dansant-expo-theatre-a-profondeville-belgique","status":"publish","type":"post","link":"https:\/\/www.musicadeon.com\/index.php\/2012\/05\/23\/the-dansant-expo-theatre-a-profondeville-belgique\/","title":{"rendered":"THE DANSANT \u2013 EXPO \u2013 TH\u00e9\u00e2TRE \u00e0 Profondeville (Belgique)"},"content":{"rendered":"<p><P align=center><IMG src=\"\/A\/N\/D\/profondeville20120717seniors1sptja.jpg\"><\/P><\/p>\n","protected":false},"excerpt":{"rendered":"","protected":false},"author":1,"featured_media":0,"comment_status":"closed","ping_status":"open","sticky":false,"template":"","format":"standard","meta":[],"categories":[3],"tags":[5],"_links":{"self":[{"href":"https:\/\/www.musicadeon.com\/index.php\/wp-json\/wp\/v2\/posts\/3641"}],"collection":[{"href":"https:\/\/www.musicadeon.com\/index.php\/wp-json\/wp\/v2\/posts"}],"about":[{"href":"https:\/\/www.musicadeon.com\/index.php\/wp-json\/wp\/v2\/types\/post"}],"author":[{"embeddable":true,"href":"https:\/\/www.musicadeon.com\/index.php\/wp-json\/wp\/v2\/users\/1"}],"replies":[{"embeddable":true,"href":"https:\/\/www.musicadeon.com\/index.php\/wp-json\/wp\/v2\/comments?post=3641"}],"version-history":[{"count":0,"href":"https:\/\/www.musicadeon.com\/index.php\/wp-json\/wp\/v2\/posts\/3641\/revisions"}],"wp:attachment":[{"href":"https:\/\/www.musicadeon.com\/index.php\/wp-json\/wp\/v2\/media?parent=3641"}],"wp:term":[{"taxonomy":"category","embeddable":true,"href":"https:\/\/www.musicadeon.com\/index.php\/wp-json\/wp\/v2\/categories?post=3641"},{"taxonomy":"post_tag","embeddable":true,"href":"https:\/\/www.musicadeon.com\/index.php\/wp-json\/wp\/v2\/tags?post=3641"}],"curies":[{"name":"wp","href":"https:\/\/api.w.org\/{rel}","templated":true}]}}