{"id":383,"date":"2003-02-18T01:00:00","date_gmt":"2003-02-18T00:00:00","guid":{"rendered":"http:\/\/www.musicadeon.com\/index.php\/2003\/02\/18\/concert-spetacle-a-leuze-eghezee\/"},"modified":"2003-02-18T01:00:00","modified_gmt":"2003-02-18T00:00:00","slug":"concert-spetacle-a-leuze-eghezee","status":"publish","type":"post","link":"https:\/\/www.musicadeon.com\/index.php\/2003\/02\/18\/concert-spetacle-a-leuze-eghezee\/","title":{"rendered":"Concert-spetacle \u00e0 Leuze (Eghez\u00e9e)"},"content":{"rendered":"<p>Le 22 f\u00e9vrier 2003 \u00e0 20h00 Le Beynert (direction: S.Delforge) donnera un concert-spectacle \u00e0 l&rsquo;\u00e9glise de Leuze ( Eghez\u00e9e) Belgique. Au programme: musiques d&rsquo;am\u00e9rique.<\/p>\n","protected":false},"excerpt":{"rendered":"<p>Le 22 f\u00e9vrier 2003 \u00e0 20h00 Le Beynert (direction: S.Delforge) donnera un concert-spectacle \u00e0 l&rsquo;\u00e9glise de Leuze ( Eghez\u00e9e) Belgique. Au programme: musiques d&rsquo;am\u00e9rique.<\/p>\n","protected":false},"author":1,"featured_media":0,"comment_status":"closed","ping_status":"open","sticky":false,"template":"","format":"standard","meta":[],"categories":[3],"tags":[5],"_links":{"self":[{"href":"https:\/\/www.musicadeon.com\/index.php\/wp-json\/wp\/v2\/posts\/383"}],"collection":[{"href":"https:\/\/www.musicadeon.com\/index.php\/wp-json\/wp\/v2\/posts"}],"about":[{"href":"https:\/\/www.musicadeon.com\/index.php\/wp-json\/wp\/v2\/types\/post"}],"author":[{"embeddable":true,"href":"https:\/\/www.musicadeon.com\/index.php\/wp-json\/wp\/v2\/users\/1"}],"replies":[{"embeddable":true,"href":"https:\/\/www.musicadeon.com\/index.php\/wp-json\/wp\/v2\/comments?post=383"}],"version-history":[{"count":0,"href":"https:\/\/www.musicadeon.com\/index.php\/wp-json\/wp\/v2\/posts\/383\/revisions"}],"wp:attachment":[{"href":"https:\/\/www.musicadeon.com\/index.php\/wp-json\/wp\/v2\/media?parent=383"}],"wp:term":[{"taxonomy":"category","embeddable":true,"href":"https:\/\/www.musicadeon.com\/index.php\/wp-json\/wp\/v2\/categories?post=383"},{"taxonomy":"post_tag","embeddable":true,"href":"https:\/\/www.musicadeon.com\/index.php\/wp-json\/wp\/v2\/tags?post=383"}],"curies":[{"name":"wp","href":"https:\/\/api.w.org\/{rel}","templated":true}]}}