{"id":384,"date":"2003-02-24T01:00:00","date_gmt":"2003-02-24T00:00:00","guid":{"rendered":"http:\/\/www.musicadeon.com\/index.php\/2003\/02\/24\/dees\/"},"modified":"2003-02-24T01:00:00","modified_gmt":"2003-02-24T00:00:00","slug":"dees","status":"publish","type":"post","link":"https:\/\/www.musicadeon.com\/index.php\/2003\/02\/24\/dees\/","title":{"rendered":"D\u00e9&ccedil;\u00e8s"},"content":{"rendered":"<p><P><b><i><FONT color=#990066>Nous venons d&rsquo;aprendre la triste nouvel le chansonnier wallon RAYMOND RAY nous a quitt\u00e9 se jour \u00e0 cette triste nouvel l&rsquo;a.s.b.l. S.P.T.J.A. pr\u00e9sente a la famille endeuill\u00e9e ses sinc\u00e8re condol\u00e9ance<\/FONT><\/i><\/b><\/P><\/p>\n","protected":false},"excerpt":{"rendered":"<p>Nous venons d&rsquo;aprendre la triste nouvel le chansonnier wallon RAYMOND RAY nous a quitt\u00e9 se jour \u00e0 cette triste nouvel l&rsquo;a.s.b.l. S.P.T.J.A. pr\u00e9sente a la&#8230;<\/p>\n","protected":false},"author":1,"featured_media":0,"comment_status":"closed","ping_status":"open","sticky":false,"template":"","format":"standard","meta":[],"categories":[3],"tags":[5],"_links":{"self":[{"href":"https:\/\/www.musicadeon.com\/index.php\/wp-json\/wp\/v2\/posts\/384"}],"collection":[{"href":"https:\/\/www.musicadeon.com\/index.php\/wp-json\/wp\/v2\/posts"}],"about":[{"href":"https:\/\/www.musicadeon.com\/index.php\/wp-json\/wp\/v2\/types\/post"}],"author":[{"embeddable":true,"href":"https:\/\/www.musicadeon.com\/index.php\/wp-json\/wp\/v2\/users\/1"}],"replies":[{"embeddable":true,"href":"https:\/\/www.musicadeon.com\/index.php\/wp-json\/wp\/v2\/comments?post=384"}],"version-history":[{"count":0,"href":"https:\/\/www.musicadeon.com\/index.php\/wp-json\/wp\/v2\/posts\/384\/revisions"}],"wp:attachment":[{"href":"https:\/\/www.musicadeon.com\/index.php\/wp-json\/wp\/v2\/media?parent=384"}],"wp:term":[{"taxonomy":"category","embeddable":true,"href":"https:\/\/www.musicadeon.com\/index.php\/wp-json\/wp\/v2\/categories?post=384"},{"taxonomy":"post_tag","embeddable":true,"href":"https:\/\/www.musicadeon.com\/index.php\/wp-json\/wp\/v2\/tags?post=384"}],"curies":[{"name":"wp","href":"https:\/\/api.w.org\/{rel}","templated":true}]}}