{"id":385,"date":"2003-02-25T01:00:00","date_gmt":"2003-02-25T00:00:00","guid":{"rendered":"http:\/\/www.musicadeon.com\/index.php\/2003\/02\/25\/grand-feu-de-houyet\/"},"modified":"2003-02-25T01:00:00","modified_gmt":"2003-02-25T00:00:00","slug":"grand-feu-de-houyet","status":"publish","type":"post","link":"https:\/\/www.musicadeon.com\/index.php\/2003\/02\/25\/grand-feu-de-houyet\/","title":{"rendered":"Grand Feu de Houyet"},"content":{"rendered":"<p><P><i><b><U>Du 28 FEVRIER au 2 MARS Grand Feu de HOUYET<\/U><\/b><\/i><\/P><P><FONT color=#000099>F\u00eate foraine, animations diverses, petites restaurations.<\/FONT><\/P><P><FONT color=#000099><U>Vendredi 28 F\u00e9vrier:<\/U> Soir\u00e9e d&rsquo;inauguration.<\/FONT><\/P><P><FONT color=#000099><U>Samedi 1 Mars<\/U>:15h.cort\u00e8ge, 18h conduite du bonhomme d&rsquo;hiver,20h feu d&rsquo;artifice, 21h soir\u00e9e dansante<\/FONT><\/P><P><FONT color=#000099><U>Dimanche 3 Mars<\/U>: Animation pour les enfants <\/FONT><\/P><P><FONT color=#000099><\/FONT><\/P><\/p>\n","protected":false},"excerpt":{"rendered":"<p>Du 28 FEVRIER au 2 MARS Grand Feu de HOUYETF\u00eate foraine, animations diverses, petites restaurations.Vendredi 28 F\u00e9vrier: Soir\u00e9e d&rsquo;inauguration.Samedi 1 Mars:15h.cort\u00e8ge, 18h conduite du bonhomme&#8230;<\/p>\n","protected":false},"author":1,"featured_media":0,"comment_status":"closed","ping_status":"open","sticky":false,"template":"","format":"standard","meta":[],"categories":[3],"tags":[5],"_links":{"self":[{"href":"https:\/\/www.musicadeon.com\/index.php\/wp-json\/wp\/v2\/posts\/385"}],"collection":[{"href":"https:\/\/www.musicadeon.com\/index.php\/wp-json\/wp\/v2\/posts"}],"about":[{"href":"https:\/\/www.musicadeon.com\/index.php\/wp-json\/wp\/v2\/types\/post"}],"author":[{"embeddable":true,"href":"https:\/\/www.musicadeon.com\/index.php\/wp-json\/wp\/v2\/users\/1"}],"replies":[{"embeddable":true,"href":"https:\/\/www.musicadeon.com\/index.php\/wp-json\/wp\/v2\/comments?post=385"}],"version-history":[{"count":0,"href":"https:\/\/www.musicadeon.com\/index.php\/wp-json\/wp\/v2\/posts\/385\/revisions"}],"wp:attachment":[{"href":"https:\/\/www.musicadeon.com\/index.php\/wp-json\/wp\/v2\/media?parent=385"}],"wp:term":[{"taxonomy":"category","embeddable":true,"href":"https:\/\/www.musicadeon.com\/index.php\/wp-json\/wp\/v2\/categories?post=385"},{"taxonomy":"post_tag","embeddable":true,"href":"https:\/\/www.musicadeon.com\/index.php\/wp-json\/wp\/v2\/tags?post=385"}],"curies":[{"name":"wp","href":"https:\/\/api.w.org\/{rel}","templated":true}]}}