{"id":387,"date":"2002-12-17T01:00:00","date_gmt":"2002-12-17T00:00:00","guid":{"rendered":"http:\/\/www.musicadeon.com\/index.php\/2002\/12\/17\/les-marches-de-noel-de-votre-region-via-la-r-t-b-f\/"},"modified":"2002-12-17T01:00:00","modified_gmt":"2002-12-17T00:00:00","slug":"les-marches-de-noel-de-votre-region-via-la-r-t-b-f","status":"publish","type":"post","link":"https:\/\/www.musicadeon.com\/index.php\/2002\/12\/17\/les-marches-de-noel-de-votre-region-via-la-r-t-b-f\/","title":{"rendered":"Les march\u00e9s de No\u00eal de votre r\u00e9gion via la R.T.B.F."},"content":{"rendered":"<p><A href=\"http:\/\/www4.rtbf.be\/rtbf_2000\/bin\/view_something.cgi?id=0106177_article&amp;menu=0088797_menulist&amp;pub=RTBF.WALL%2fWALL.FR.la_taille.SP.SUDS\">http:\/\/www4.rtbf.be\/rtbf_2000\/bin\/view_something.cgi?id=0106177_article&amp;menu=0088797_menulist&amp;pub=RTBF.WALL%2fWALL.FR.la_taille.SP.SUDS<\/A><\/p>\n","protected":false},"excerpt":{"rendered":"<p>http:\/\/www4.rtbf.be\/rtbf_2000\/bin\/view_something.cgi?id=0106177_article&amp;menu=0088797_menulist&amp;pub=RTBF.WALL%2fWALL.FR.la_taille.SP.SUDS<\/p>\n","protected":false},"author":1,"featured_media":0,"comment_status":"closed","ping_status":"open","sticky":false,"template":"","format":"standard","meta":[],"categories":[3],"tags":[5],"_links":{"self":[{"href":"https:\/\/www.musicadeon.com\/index.php\/wp-json\/wp\/v2\/posts\/387"}],"collection":[{"href":"https:\/\/www.musicadeon.com\/index.php\/wp-json\/wp\/v2\/posts"}],"about":[{"href":"https:\/\/www.musicadeon.com\/index.php\/wp-json\/wp\/v2\/types\/post"}],"author":[{"embeddable":true,"href":"https:\/\/www.musicadeon.com\/index.php\/wp-json\/wp\/v2\/users\/1"}],"replies":[{"embeddable":true,"href":"https:\/\/www.musicadeon.com\/index.php\/wp-json\/wp\/v2\/comments?post=387"}],"version-history":[{"count":0,"href":"https:\/\/www.musicadeon.com\/index.php\/wp-json\/wp\/v2\/posts\/387\/revisions"}],"wp:attachment":[{"href":"https:\/\/www.musicadeon.com\/index.php\/wp-json\/wp\/v2\/media?parent=387"}],"wp:term":[{"taxonomy":"category","embeddable":true,"href":"https:\/\/www.musicadeon.com\/index.php\/wp-json\/wp\/v2\/categories?post=387"},{"taxonomy":"post_tag","embeddable":true,"href":"https:\/\/www.musicadeon.com\/index.php\/wp-json\/wp\/v2\/tags?post=387"}],"curies":[{"name":"wp","href":"https:\/\/api.w.org\/{rel}","templated":true}]}}