{"id":3882,"date":"2014-03-11T01:00:00","date_gmt":"2014-03-11T00:00:00","guid":{"rendered":"http:\/\/www.musicadeon.com\/index.php\/2014\/03\/11\/2eme-festival-de-laccordeon-au-centre-culturel-jean-degouys-de-quevaucamps-belgique\/"},"modified":"2014-03-11T01:00:00","modified_gmt":"2014-03-11T00:00:00","slug":"2eme-festival-de-laccordeon-au-centre-culturel-jean-degouys-de-quevaucamps-belgique","status":"publish","type":"post","link":"https:\/\/www.musicadeon.com\/index.php\/2014\/03\/11\/2eme-festival-de-laccordeon-au-centre-culturel-jean-degouys-de-quevaucamps-belgique\/","title":{"rendered":"2\u00e8me Festival de l&rsquo;accord\u00e9on au centre culturel \u00a0\u00bbJean Degouys\u00a0\u00bb de Quevaucamps (Belgique)"},"content":{"rendered":"<p><font size=\"5\"><b>Le samedi 13 d\u00e9cembre \u00e0 15h00 2\u00e8me Festival de l&rsquo;accord\u00e9on au centre culturel \u00ab\u00a0Jean Degouys\u00a0\u00bb de Quevaucamps (Belgique) avec la princesse de l&rsquo;accord\u00e9on <a href=\"http:\/\/www.erika.be\" target=\"_blank\" rel=\"noopener noreferrer\">Erika<\/a>, Anthony Basilico, Michel Pruvot &amp; Andre Loppe Info: 0032(0)475205804<\/b><\/font><P align=center><IMG src=\"\/A\/N\/D\/quevaucamps20141213accordeon1erika1sptja.jpg\"><\/P><P align=center><IMG src=\"\/A\/N\/D\/quevaucamps 20141213musicadeon1festival.jpg\"><\/P><P align=center><IMG src=\"\/A\/N\/D\/quevaucamps 20141213musicadeon2festival.jpg\"><\/P><P align=center><IMG src=\"\/A\/N\/D\/quevaucamps 20141213musicadeon03festival.jpg\"><\/P><P align=center><IMG src=\"\/A\/N\/D\/quevaucamps 20141213musicadeon3festival.jpg\"><\/P><P align=center><IMG src=\"\/A\/N\/D\/quevaucamps 20141213musicadeon4festival.jpg\"><\/P><P align=center><IMG src=\"\/A\/N\/D\/quevaucamps 20141213musicadeon5festival.jpg\"><\/P><P align=center><IMG src=\"\/A\/N\/D\/quevaucamps 20141213musicadeon6festival.jpg\"><\/P><P align=center><IMG src=\"\/A\/N\/D\/quevaucamps 20141213musicadeon7festival.jpg\"><\/P><P align=center><IMG src=\"\/A\/N\/D\/quevaucamps 20141213musicadeon8festival.jpg\"><\/P><P align=center><IMG src=\"\/A\/N\/D\/quevaucamps 20141213musicadeon9festival.jpg\"><\/P><P align=center><IMG src=\"\/A\/N\/D\/quevaucamps 20141213musicadeon10festival.jpg\"><\/P><P align=center><IMG src=\"\/A\/N\/D\/quevaucamps 20141213musicadeon11festival.jpg\"><\/P><P align=center><IMG src=\"\/A\/N\/D\/quevaucamps 20141213musicadeon12festival.jpg\"><\/P><P align=center><IMG src=\"\/A\/N\/D\/quevaucamps 20141213musicadeon13festival.jpg\"><\/P><P align=center><IMG src=\"\/A\/N\/D\/quevaucamps 20141213musicadeon14festival.jpg\"><\/P><\/p>\n","protected":false},"excerpt":{"rendered":"<p>Le samedi 13 d\u00e9cembre \u00e0 15h00 2\u00e8me Festival de l&rsquo;accord\u00e9on au centre culturel \u00ab\u00a0Jean Degouys\u00a0\u00bb de Quevaucamps (Belgique) avec la princesse de l&rsquo;accord\u00e9on Erika, Anthony&#8230;<\/p>\n","protected":false},"author":1,"featured_media":0,"comment_status":"closed","ping_status":"open","sticky":false,"template":"","format":"standard","meta":[],"categories":[3],"tags":[5],"_links":{"self":[{"href":"https:\/\/www.musicadeon.com\/index.php\/wp-json\/wp\/v2\/posts\/3882"}],"collection":[{"href":"https:\/\/www.musicadeon.com\/index.php\/wp-json\/wp\/v2\/posts"}],"about":[{"href":"https:\/\/www.musicadeon.com\/index.php\/wp-json\/wp\/v2\/types\/post"}],"author":[{"embeddable":true,"href":"https:\/\/www.musicadeon.com\/index.php\/wp-json\/wp\/v2\/users\/1"}],"replies":[{"embeddable":true,"href":"https:\/\/www.musicadeon.com\/index.php\/wp-json\/wp\/v2\/comments?post=3882"}],"version-history":[{"count":0,"href":"https:\/\/www.musicadeon.com\/index.php\/wp-json\/wp\/v2\/posts\/3882\/revisions"}],"wp:attachment":[{"href":"https:\/\/www.musicadeon.com\/index.php\/wp-json\/wp\/v2\/media?parent=3882"}],"wp:term":[{"taxonomy":"category","embeddable":true,"href":"https:\/\/www.musicadeon.com\/index.php\/wp-json\/wp\/v2\/categories?post=3882"},{"taxonomy":"post_tag","embeddable":true,"href":"https:\/\/www.musicadeon.com\/index.php\/wp-json\/wp\/v2\/tags?post=3882"}],"curies":[{"name":"wp","href":"https:\/\/api.w.org\/{rel}","templated":true}]}}